{"id":89108,"date":"2022-10-19T14:49:29","date_gmt":"2022-10-19T17:49:29","guid":{"rendered":"https:\/\/blogdoedvaldomagalhaes.com.br\/?p=89108"},"modified":"2022-10-19T14:49:30","modified_gmt":"2022-10-19T17:49:30","slug":"toneladas-de-feijao-e-milho-sem-documentacao-fiscal-sao-retidas-pela-prf-em-caruaru","status":"publish","type":"post","link":"https:\/\/blogdoedvaldomagalhaes.com.br\/index.php\/2022\/10\/19\/toneladas-de-feijao-e-milho-sem-documentacao-fiscal-sao-retidas-pela-prf-em-caruaru\/","title":{"rendered":"Toneladas de feij\u00e3o e milho sem documenta\u00e7\u00e3o fiscal s\u00e3o retidas pela PRF em Caruaru"},"content":{"rendered":"<p style=\"text-align: justify;\"><span style=\"color: initial; font-size: revert;\">Mais uma fiscaliza\u00e7\u00e3o para promover a seguran\u00e7a vi\u00e1ria e coibir o transporte irregular de mercadorias foi realizada, na quarta-feira(18), pela Pol\u00edcia Rodovi\u00e1ria Federal (PRF). na BR 232, em Caruaru, no Agreste de Pernambuco. Entre os flagrantes registrados, destacam-se 20 toneladas de feij\u00e3o e 18,7 toneladas de milho que eram transportadas sem a documenta\u00e7\u00e3o fiscal.<\/span><\/p>\n<p style=\"text-align: justify;\">No primeiro caso, o Grupo de Fiscaliza\u00e7\u00e3o de Tr\u00e2nsito da PRF abordou um caminh\u00e3o carregado com feij\u00e3o, que havia sa\u00eddo de Lajedo em dire\u00e7\u00e3o a Orob\u00f3, ambas no Agreste do estado. Aos policiais, o motorista disse que n\u00e3o portava nenhum tipo de documento fiscal da carga.<\/p>\n<p style=\"text-align: justify;\">Pouco depois, outro caminh\u00e3o carregado com milho foi abordado pelo GFT na rodovia. A carga havia sa\u00eddo de Rio Real, na Bahia, e seria entregue em Guarabira, na Para\u00edba. O condutor informou que apenas uma parte da carga possu\u00eda nota fiscal.<\/p>\n<p style=\"text-align: justify;\">Diante da suspeita do crime de descaminho, como previsto no artigo 334 do C\u00f3digo Penal, uma equipe da Secretaria da Fazenda do Estado de Pernambuco (SEFAZ-PE) foi acionada, para adotar os procedimentos fiscais cab\u00edveis.<\/p>\n\n\n<figure class=\"wp-block-image size-full\"><img loading=\"lazy\" decoding=\"async\" width=\"498\" height=\"1024\" src=\"https:\/\/blogdoedvaldomagalhaes.com.br\/wp-content\/uploads\/2022\/10\/IMG-20221019-WA0112.jpg\" alt=\"\" class=\"wp-image-89110\" srcset=\"https:\/\/blogdoedvaldomagalhaes.com.br\/wp-content\/uploads\/2022\/10\/IMG-20221019-WA0112.jpg 498w, https:\/\/blogdoedvaldomagalhaes.com.br\/wp-content\/uploads\/2022\/10\/IMG-20221019-WA0112-146x300.jpg 146w\" sizes=\"auto, (max-width: 498px) 100vw, 498px\" \/><\/figure>\n\n\n\n<figure class=\"wp-block-image size-full\"><img loading=\"lazy\" decoding=\"async\" width=\"1024\" height=\"577\" src=\"https:\/\/blogdoedvaldomagalhaes.com.br\/wp-content\/uploads\/2022\/10\/IMG-20221019-WA0113.jpg\" alt=\"\" class=\"wp-image-89111\" srcset=\"https:\/\/blogdoedvaldomagalhaes.com.br\/wp-content\/uploads\/2022\/10\/IMG-20221019-WA0113.jpg 1024w, https:\/\/blogdoedvaldomagalhaes.com.br\/wp-content\/uploads\/2022\/10\/IMG-20221019-WA0113-300x169.jpg 300w, https:\/\/blogdoedvaldomagalhaes.com.br\/wp-content\/uploads\/2022\/10\/IMG-20221019-WA0113-768x433.jpg 768w, https:\/\/blogdoedvaldomagalhaes.com.br\/wp-content\/uploads\/2022\/10\/IMG-20221019-WA0113-720x405.jpg 720w\" sizes=\"auto, (max-width: 1024px) 100vw, 1024px\" \/><\/figure>\n\n\n\n<figure class=\"wp-block-image size-full\"><img loading=\"lazy\" decoding=\"async\" width=\"1024\" height=\"768\" src=\"https:\/\/blogdoedvaldomagalhaes.com.br\/wp-content\/uploads\/2022\/10\/IMG-20221019-WA0114.jpg\" alt=\"\" class=\"wp-image-89112\" srcset=\"https:\/\/blogdoedvaldomagalhaes.com.br\/wp-content\/uploads\/2022\/10\/IMG-20221019-WA0114.jpg 1024w, https:\/\/blogdoedvaldomagalhaes.com.br\/wp-content\/uploads\/2022\/10\/IMG-20221019-WA0114-300x225.jpg 300w, https:\/\/blogdoedvaldomagalhaes.com.br\/wp-content\/uploads\/2022\/10\/IMG-20221019-WA0114-768x576.jpg 768w, https:\/\/blogdoedvaldomagalhaes.com.br\/wp-content\/uploads\/2022\/10\/IMG-20221019-WA0114-160x120.jpg 160w\" sizes=\"auto, (max-width: 1024px) 100vw, 1024px\" \/><figcaption>Fotos: Divulga\u00e7\u00e3o\/PRF<\/figcaption><\/figure>\n","protected":false},"excerpt":{"rendered":"<p>Mais uma fiscaliza\u00e7\u00e3o para promover a seguran\u00e7a vi\u00e1ria e coibir o transporte irregular de mercadorias foi realizada, na quarta-feira(18), pela&hellip;<\/p>\n","protected":false},"author":1,"featured_media":89109,"comment_status":"closed","ping_status":"open","sticky":false,"template":"","format":"standard","meta":{"footnotes":""},"categories":[14121],"tags":[2,19532,3406,25878],"class_list":["post-89108","post","type-post","status-publish","format-standard","has-post-thumbnail","hentry","category-policial","tag-blog-do-edvaldo-magalhaes","tag-blog-mais-acessado-e-visualizado-de-caruaru-e-regiao","tag-caruaru","tag-toneladas-de-feijao-e-milho-sem-documentacao-fiscal-sao-retidas-pela-prf-em-caruaru"],"_links":{"self":[{"href":"https:\/\/blogdoedvaldomagalhaes.com.br\/index.php\/wp-json\/wp\/v2\/posts\/89108","targetHints":{"allow":["GET"]}}],"collection":[{"href":"https:\/\/blogdoedvaldomagalhaes.com.br\/index.php\/wp-json\/wp\/v2\/posts"}],"about":[{"href":"https:\/\/blogdoedvaldomagalhaes.com.br\/index.php\/wp-json\/wp\/v2\/types\/post"}],"author":[{"embeddable":true,"href":"https:\/\/blogdoedvaldomagalhaes.com.br\/index.php\/wp-json\/wp\/v2\/users\/1"}],"replies":[{"embeddable":true,"href":"https:\/\/blogdoedvaldomagalhaes.com.br\/index.php\/wp-json\/wp\/v2\/comments?post=89108"}],"version-history":[{"count":1,"href":"https:\/\/blogdoedvaldomagalhaes.com.br\/index.php\/wp-json\/wp\/v2\/posts\/89108\/revisions"}],"predecessor-version":[{"id":89113,"href":"https:\/\/blogdoedvaldomagalhaes.com.br\/index.php\/wp-json\/wp\/v2\/posts\/89108\/revisions\/89113"}],"wp:featuredmedia":[{"embeddable":true,"href":"https:\/\/blogdoedvaldomagalhaes.com.br\/index.php\/wp-json\/wp\/v2\/media\/89109"}],"wp:attachment":[{"href":"https:\/\/blogdoedvaldomagalhaes.com.br\/index.php\/wp-json\/wp\/v2\/media?parent=89108"}],"wp:term":[{"taxonomy":"category","embeddable":true,"href":"https:\/\/blogdoedvaldomagalhaes.com.br\/index.php\/wp-json\/wp\/v2\/categories?post=89108"},{"taxonomy":"post_tag","embeddable":true,"href":"https:\/\/blogdoedvaldomagalhaes.com.br\/index.php\/wp-json\/wp\/v2\/tags?post=89108"}],"curies":[{"name":"wp","href":"https:\/\/api.w.org\/{rel}","templated":true}]}}