{"id":89102,"date":"2022-10-19T14:11:03","date_gmt":"2022-10-19T17:11:03","guid":{"rendered":"https:\/\/blogdoedvaldomagalhaes.com.br\/?p=89102"},"modified":"2022-10-19T14:11:04","modified_gmt":"2022-10-19T17:11:04","slug":"anderson-correia-projeto-que-determina-colocar-canais-para-denunciar-maus-tratos-no-carne-do-iptu-e-aprovado-na-camara-de-caruaru","status":"publish","type":"post","link":"https:\/\/blogdoedvaldomagalhaes.com.br\/index.php\/2022\/10\/19\/anderson-correia-projeto-que-determina-colocar-canais-para-denunciar-maus-tratos-no-carne-do-iptu-e-aprovado-na-camara-de-caruaru\/","title":{"rendered":"Anderson Correia: projeto que determina colocar canais para denunciar maus-tratos no carn\u00ea do IPTU \u00e9 aprovado na C\u00e2mara de Caruaru"},"content":{"rendered":"<p style=\"text-align: justify;\"><span style=\"color: initial; font-size: revert;\">O projeto de lei que determina que seja veiculado no carn\u00ea do IPTU, enviado ao consumidor, canais de den\u00fancia de crimes de maus-tratos e frases de conscientiza\u00e7\u00e3o em defesa dos animais foi aprovado na sess\u00e3o desta ter\u00e7a-feira (18), na C\u00e2mara Municipal de Caruaru. Autor do projeto, o vereador Anderson Correia (PP) comemorou mais uma proposi\u00e7\u00e3o aprovada da pauta animalista para a Capital do Agreste.<\/span><\/p>\n<p style=\"text-align: justify;\">\u201cEstou muito feliz e satisfeito por ver mais um projeto nosso em prol dos animais sendo aprovado. \u00c9 mais uma pol\u00edtica p\u00fablica animalista em evid\u00eancia, e esse \u00e9 o meu objetivo como parlamentar e representante dos animais. Esse PL \u00e9 muito importante para a conscientiza\u00e7\u00e3o das pessoas acerca de como denunciar e combater os maus-tratos aos animais em nosso munic\u00edpio. Vamos em frente, em prol de mais progresso para esta causa t\u00e3o nobre\u201d, destacou Anderson. Foto: Vladimir Barreto.<\/p>\n<p style=\"text-align: justify;\">Se inscreva no canal do Blog do Edvaldo Magalh\u00e3es no YouTube e siga no Instagram.<\/p>\n","protected":false},"excerpt":{"rendered":"<p>O projeto de lei que determina que seja veiculado no carn\u00ea do IPTU, enviado ao consumidor, canais de den\u00fancia de&hellip;<\/p>\n","protected":false},"author":1,"featured_media":89103,"comment_status":"closed","ping_status":"open","sticky":false,"template":"","format":"standard","meta":{"footnotes":""},"categories":[14122],"tags":[25876,2,19532,3406,20],"class_list":["post-89102","post","type-post","status-publish","format-standard","has-post-thumbnail","hentry","category-politica","tag-anderson-correia-projeto-que-determina-colocar-canais-para-denunciar-maus-tratos-no-carne-do-iptu-e-aprovado-na-camara-de-caruaru","tag-blog-do-edvaldo-magalhaes","tag-blog-mais-acessado-e-visualizado-de-caruaru-e-regiao","tag-caruaru","tag-politica"],"_links":{"self":[{"href":"https:\/\/blogdoedvaldomagalhaes.com.br\/index.php\/wp-json\/wp\/v2\/posts\/89102","targetHints":{"allow":["GET"]}}],"collection":[{"href":"https:\/\/blogdoedvaldomagalhaes.com.br\/index.php\/wp-json\/wp\/v2\/posts"}],"about":[{"href":"https:\/\/blogdoedvaldomagalhaes.com.br\/index.php\/wp-json\/wp\/v2\/types\/post"}],"author":[{"embeddable":true,"href":"https:\/\/blogdoedvaldomagalhaes.com.br\/index.php\/wp-json\/wp\/v2\/users\/1"}],"replies":[{"embeddable":true,"href":"https:\/\/blogdoedvaldomagalhaes.com.br\/index.php\/wp-json\/wp\/v2\/comments?post=89102"}],"version-history":[{"count":1,"href":"https:\/\/blogdoedvaldomagalhaes.com.br\/index.php\/wp-json\/wp\/v2\/posts\/89102\/revisions"}],"predecessor-version":[{"id":89104,"href":"https:\/\/blogdoedvaldomagalhaes.com.br\/index.php\/wp-json\/wp\/v2\/posts\/89102\/revisions\/89104"}],"wp:featuredmedia":[{"embeddable":true,"href":"https:\/\/blogdoedvaldomagalhaes.com.br\/index.php\/wp-json\/wp\/v2\/media\/89103"}],"wp:attachment":[{"href":"https:\/\/blogdoedvaldomagalhaes.com.br\/index.php\/wp-json\/wp\/v2\/media?parent=89102"}],"wp:term":[{"taxonomy":"category","embeddable":true,"href":"https:\/\/blogdoedvaldomagalhaes.com.br\/index.php\/wp-json\/wp\/v2\/categories?post=89102"},{"taxonomy":"post_tag","embeddable":true,"href":"https:\/\/blogdoedvaldomagalhaes.com.br\/index.php\/wp-json\/wp\/v2\/tags?post=89102"}],"curies":[{"name":"wp","href":"https:\/\/api.w.org\/{rel}","templated":true}]}}