{"id":891,"date":"2018-10-26T15:52:00","date_gmt":"2018-10-26T17:52:00","guid":{"rendered":"http:\/\/blogdoedvaldomagalhaes.com.br\/index.php\/2018\/10\/26\/central-de-caruaru-divulga-comissao\/"},"modified":"2019-02-09T02:37:01","modified_gmt":"2019-02-09T04:37:01","slug":"central-de-caruaru-divulga-comissao","status":"publish","type":"post","link":"https:\/\/blogdoedvaldomagalhaes.com.br\/index.php\/2018\/10\/26\/central-de-caruaru-divulga-comissao\/","title":{"rendered":"Central de Caruaru divulga Comiss\u00e3o T\u00e9cnica para a temporada 2019"},"content":{"rendered":"<div style=\"background-color: white; text-align: justify;\">\n<div class=\"separator\" style=\"clear: both; text-align: center;\">\n<a href=\"https:\/\/3.bp.blogspot.com\/-hCzDShabQCA\/W9M4RMJJg5I\/AAAAAAAA8bQ\/wHpAwuBOlEkwLg6fmW2XILEHQ_NusiUXACLcBGAs\/s1600\/central.jpg\" imageanchor=\"1\" style=\"margin-left: 1em; margin-right: 1em;\"><img loading=\"lazy\" decoding=\"async\" border=\"0\" data-original-height=\"512\" data-original-width=\"512\" height=\"640\" src=\"http:\/\/blogdoedvaldomagalhaes.com.br\/wp-content\/uploads\/2018\/10\/central.jpg\" width=\"640\" \/><\/a><\/div>\n<p><\/div>\n<div style=\"background-color: white; text-align: justify;\">\nO Central Sport Club divulgou nesta sexta-feira (26), os nomes que comp\u00f5em a comiss\u00e3o t\u00e9cnica para a temporada 2019.<\/div>\n<div style=\"background-color: white; text-align: justify;\">\n<\/div>\n<div style=\"background-color: white; text-align: justify;\">\n<b><u>Confira:<\/u><\/b><\/div>\n<div style=\"background-color: white; text-align: justify;\">\n<b><u><br \/><\/u><\/b><\/div>\n<div style=\"background-color: white; text-align: justify;\">\nT\u00e9cnico:&nbsp;Estevam Soares<\/div>\n<div style=\"background-color: white; text-align: justify;\">\n<b>Auxiliares t\u00e9cnicos:<\/b>&nbsp;Erivelton e Catende<\/div>\n<div style=\"background-color: white; text-align: justify;\">\n<b>Supervisor de futebol:<\/b>&nbsp;Adrinaldo Barbosa<\/div>\n<div style=\"background-color: white; text-align: justify;\">\n<b>Coordenador de futebol:&nbsp;<\/b>Alex Faustino<\/div>\n<div style=\"background-color: white; text-align: justify;\">\n<b>Preparadores f\u00edsicos:<\/b>&nbsp;Odair Mourato e Biriba<\/div>\n<div style=\"background-color: white; text-align: justify;\">\n<b>Preparadores de goleiros:<\/b>&nbsp;Iza\u00edas Dantas e Valter Ulisses<\/div>\n<div style=\"background-color: white; text-align: justify;\">\n<b>Massagistas:&nbsp;<\/b>Eraldo e Naua&nbsp;<\/div>\n<div style=\"background-color: white; text-align: justify;\">\n<b>M\u00e9dico:&nbsp;<\/b>Reinaldo Madeiro<\/div>\n<div style=\"background-color: white; text-align: justify;\">\n<b>Fisioterapeuta:<\/b>&nbsp;S\u00e9rgio Fran\u00e7a<\/div>\n<div style=\"background-color: white; text-align: justify;\">\n<b>Mordomos:&nbsp;<\/b>Zelito e Igor Felipe<\/p>\n<\/div>\n<div style=\"background-color: white; text-align: justify;\">\n<div class=\"separator\" style=\"clear: both; text-align: center;\">\n<a href=\"https:\/\/3.bp.blogspot.com\/-vA3Dn1_xAHI\/W9M4n_TZy9I\/AAAAAAAA8bY\/6BkH9OJENP8QzVdvnPGMcpHRNuy98fw-gCLcBGAs\/s1600\/estevam.jpg\" imageanchor=\"1\" style=\"margin-left: 1em; margin-right: 1em;\"><img loading=\"lazy\" decoding=\"async\" border=\"0\" data-original-height=\"960\" data-original-width=\"768\" height=\"640\" src=\"http:\/\/blogdoedvaldomagalhaes.com.br\/wp-content\/uploads\/2018\/10\/estevam.jpg\" width=\"512\" \/><\/a><\/div>\n<p><\/div>\n<div style=\"background-color: white; margin-bottom: 6px; margin-top: 6px;\">\n<div style=\"text-align: justify;\">\nEstevam Eduardo Lemos Soares, o Estevam Soares de 62 anos, natural de Cafel\u00e2ndia\/SP,&nbsp;acumula passagens por Palmeiras, ABC, Guarani, URT, Am\u00e9rica de Natal, CSA, Ponte Preta, N\u00e1utico, CRB, S\u00e3o Caetano, Coritiba, Al Ittihad\/Ar\u00e1bia, Gr\u00eamio Barueri, Botafogo\/RJ, Cear\u00e1, S\u00e3o Bernardo, XV de Piracicaba, Atl\u00e9tico Sorocaba, Rio Claro, Portuguesa\/SP, Tupi, Bragantino, Vit\u00f3ria da Conquista e por \u00faltimo o Itumbiara\/GO.<\/div>\n<div style=\"text-align: justify;\">\n<\/div>\n<\/div>\n<div class=\"text_exposed_show\" style=\"background-color: white; display: inline;\">\n<div style=\"margin-bottom: 6px;\">\n<div style=\"text-align: justify;\">\nSoares chega para ser o comandante do centen\u00e1rio Patativa e promete levar o nosso clube a disputa do t\u00edtulo Estadual, fazer bonito na Copa do Brasil e conquistar o acesso \u00e0 S\u00e9rie C.<\/div>\n<\/div>\n<\/div>\n","protected":false},"excerpt":{"rendered":"<p>O Central Sport Club divulgou nesta sexta-feira (26), os nomes que comp\u00f5em a comiss\u00e3o t\u00e9cnica para a temporada 2019. Confira:&hellip;<\/p>\n","protected":false},"author":1,"featured_media":0,"comment_status":"open","ping_status":"open","sticky":false,"template":"","format":"standard","meta":{"footnotes":""},"categories":[1],"tags":[2,841,3],"class_list":["post-891","post","type-post","status-publish","format-standard","hentry","category-sem-categoria","tag-blog-do-edvaldo-magalhaes","tag-central-de-caruaru-divulga-comissao-tecnica-para-a-temporada-2019","tag-futebol"],"_links":{"self":[{"href":"https:\/\/blogdoedvaldomagalhaes.com.br\/index.php\/wp-json\/wp\/v2\/posts\/891","targetHints":{"allow":["GET"]}}],"collection":[{"href":"https:\/\/blogdoedvaldomagalhaes.com.br\/index.php\/wp-json\/wp\/v2\/posts"}],"about":[{"href":"https:\/\/blogdoedvaldomagalhaes.com.br\/index.php\/wp-json\/wp\/v2\/types\/post"}],"author":[{"embeddable":true,"href":"https:\/\/blogdoedvaldomagalhaes.com.br\/index.php\/wp-json\/wp\/v2\/users\/1"}],"replies":[{"embeddable":true,"href":"https:\/\/blogdoedvaldomagalhaes.com.br\/index.php\/wp-json\/wp\/v2\/comments?post=891"}],"version-history":[{"count":1,"href":"https:\/\/blogdoedvaldomagalhaes.com.br\/index.php\/wp-json\/wp\/v2\/posts\/891\/revisions"}],"predecessor-version":[{"id":35281,"href":"https:\/\/blogdoedvaldomagalhaes.com.br\/index.php\/wp-json\/wp\/v2\/posts\/891\/revisions\/35281"}],"wp:attachment":[{"href":"https:\/\/blogdoedvaldomagalhaes.com.br\/index.php\/wp-json\/wp\/v2\/media?parent=891"}],"wp:term":[{"taxonomy":"category","embeddable":true,"href":"https:\/\/blogdoedvaldomagalhaes.com.br\/index.php\/wp-json\/wp\/v2\/categories?post=891"},{"taxonomy":"post_tag","embeddable":true,"href":"https:\/\/blogdoedvaldomagalhaes.com.br\/index.php\/wp-json\/wp\/v2\/tags?post=891"}],"curies":[{"name":"wp","href":"https:\/\/api.w.org\/{rel}","templated":true}]}}