{"id":89099,"date":"2022-10-19T14:00:55","date_gmt":"2022-10-19T17:00:55","guid":{"rendered":"https:\/\/blogdoedvaldomagalhaes.com.br\/?p=89099"},"modified":"2022-10-19T14:00:56","modified_gmt":"2022-10-19T17:00:56","slug":"pm-apreende-menor-por-trafico-de-drogas","status":"publish","type":"post","link":"https:\/\/blogdoedvaldomagalhaes.com.br\/index.php\/2022\/10\/19\/pm-apreende-menor-por-trafico-de-drogas\/","title":{"rendered":"PM apreende menor por tr\u00e1fico de drogas"},"content":{"rendered":"<p style=\"text-align: justify;\"><span style=\"font-size: revert; color: initial;\">Um menor de idade foi apreendido, nessa ter\u00e7a-feira (18), no bairro do Ibura, por suspeita de tr\u00e1fico de drogas. O efetivo do 19\u00ba Batalh\u00e3o realizava o policiamento no local quando recebeu informa\u00e7\u00f5es sobre o fato e as caracter\u00edsticas do suspeito. Ap\u00f3s realizar incurs\u00f5es os policiais visualizaram o homem, com uma sacola na m\u00e3o e fazendo a entrega de um big big de maconha. <\/span><\/p>\n<p style=\"text-align: justify;\"><span style=\"font-size: revert; color: initial;\">Ao visualizar o efetivo policial o suspeito empreendeu fuga, por\u00e9m foi alcan\u00e7ado. Na a\u00e7\u00e3o foram apreendidos 670 big bigs de maconha, uma balan\u00e7a de precis\u00e3o, facas e embalagens para entorpecentes. <\/span><\/p>\n<p style=\"text-align: justify;\"><span style=\"font-size: revert; color: initial;\">A ocorr\u00eancia foi encaminhada para a GPCA para serem tomadas as medidas legais cab\u00edveis.<\/span><\/p>\n","protected":false},"excerpt":{"rendered":"<p>Um menor de idade foi apreendido, nessa ter\u00e7a-feira (18), no bairro do Ibura, por suspeita de tr\u00e1fico de drogas. O&hellip;<\/p>\n","protected":false},"author":1,"featured_media":89100,"comment_status":"closed","ping_status":"open","sticky":false,"template":"","format":"standard","meta":{"footnotes":""},"categories":[14121],"tags":[2,19532,3406,25875],"class_list":["post-89099","post","type-post","status-publish","format-standard","has-post-thumbnail","hentry","category-policial","tag-blog-do-edvaldo-magalhaes","tag-blog-mais-acessado-e-visualizado-de-caruaru-e-regiao","tag-caruaru","tag-pm-apreende-menor-por-trafico-de-drogas"],"_links":{"self":[{"href":"https:\/\/blogdoedvaldomagalhaes.com.br\/index.php\/wp-json\/wp\/v2\/posts\/89099","targetHints":{"allow":["GET"]}}],"collection":[{"href":"https:\/\/blogdoedvaldomagalhaes.com.br\/index.php\/wp-json\/wp\/v2\/posts"}],"about":[{"href":"https:\/\/blogdoedvaldomagalhaes.com.br\/index.php\/wp-json\/wp\/v2\/types\/post"}],"author":[{"embeddable":true,"href":"https:\/\/blogdoedvaldomagalhaes.com.br\/index.php\/wp-json\/wp\/v2\/users\/1"}],"replies":[{"embeddable":true,"href":"https:\/\/blogdoedvaldomagalhaes.com.br\/index.php\/wp-json\/wp\/v2\/comments?post=89099"}],"version-history":[{"count":1,"href":"https:\/\/blogdoedvaldomagalhaes.com.br\/index.php\/wp-json\/wp\/v2\/posts\/89099\/revisions"}],"predecessor-version":[{"id":89101,"href":"https:\/\/blogdoedvaldomagalhaes.com.br\/index.php\/wp-json\/wp\/v2\/posts\/89099\/revisions\/89101"}],"wp:featuredmedia":[{"embeddable":true,"href":"https:\/\/blogdoedvaldomagalhaes.com.br\/index.php\/wp-json\/wp\/v2\/media\/89100"}],"wp:attachment":[{"href":"https:\/\/blogdoedvaldomagalhaes.com.br\/index.php\/wp-json\/wp\/v2\/media?parent=89099"}],"wp:term":[{"taxonomy":"category","embeddable":true,"href":"https:\/\/blogdoedvaldomagalhaes.com.br\/index.php\/wp-json\/wp\/v2\/categories?post=89099"},{"taxonomy":"post_tag","embeddable":true,"href":"https:\/\/blogdoedvaldomagalhaes.com.br\/index.php\/wp-json\/wp\/v2\/tags?post=89099"}],"curies":[{"name":"wp","href":"https:\/\/api.w.org\/{rel}","templated":true}]}}