{"id":89093,"date":"2022-10-19T13:46:58","date_gmt":"2022-10-19T16:46:58","guid":{"rendered":"https:\/\/blogdoedvaldomagalhaes.com.br\/?p=89093"},"modified":"2022-10-19T13:46:59","modified_gmt":"2022-10-19T16:46:59","slug":"caminhao-carregado-com-calcados-falsificados-e-retido-pela-prf-na-br-232","status":"publish","type":"post","link":"https:\/\/blogdoedvaldomagalhaes.com.br\/index.php\/2022\/10\/19\/caminhao-carregado-com-calcados-falsificados-e-retido-pela-prf-na-br-232\/","title":{"rendered":"Caminh\u00e3o carregado com cal\u00e7ados falsificados \u00e9 retido pela PRF na BR 232"},"content":{"rendered":"<p style=\"text-align: justify;\"><span style=\"color: initial; font-size: revert;\">Um caminh\u00e3o carregado com cal\u00e7ados falsificados foi retido pela Pol\u00edcia Rodovi\u00e1ria Federal (PRF), na quarta-feira (18), na BR 232, em Sert\u00e2nia, no Sert\u00e3o pernambucano. O ve\u00edculo havia sa\u00eddo de Minas Gerais e a mercadoria seria entregue em Pernambuco, Para\u00edba e Rio Grande do Norte.<\/span><\/p>\n<p style=\"text-align: justify;\">Uma equipe da PRF realizava uma fiscaliza\u00e7\u00e3o no Km 273 da rodovia, quando abordou um caminh\u00e3o atrelado a um semirreboque. Ao verificar a carroceria do ve\u00edculo, foram encontradas centenas de pares de cal\u00e7ados fechados e sand\u00e1lias que imitavam marcas famosas. A constata\u00e7\u00e3o da falsidade dos produtos foi refor\u00e7ada com uma declara\u00e7\u00e3o formal fornecida por representantes das marcas lesadas.<\/p>\n<p style=\"text-align: justify;\">O caminh\u00e3o e a carga de cal\u00e7ados foram encaminhados \u00e0 Receita Federal no bairro do Recife, para contabiliza\u00e7\u00e3o da mercadoria e aplica\u00e7\u00e3o das san\u00e7\u00f5es previstas em lei.<\/p>\n\n\n<figure class=\"wp-block-image size-large\"><img loading=\"lazy\" decoding=\"async\" width=\"570\" height=\"1024\" src=\"https:\/\/blogdoedvaldomagalhaes.com.br\/wp-content\/uploads\/2022\/10\/IMG-20221019-WA0084-570x1024.jpg\" alt=\"\" class=\"wp-image-89095\" srcset=\"https:\/\/blogdoedvaldomagalhaes.com.br\/wp-content\/uploads\/2022\/10\/IMG-20221019-WA0084-570x1024.jpg 570w, https:\/\/blogdoedvaldomagalhaes.com.br\/wp-content\/uploads\/2022\/10\/IMG-20221019-WA0084-167x300.jpg 167w, https:\/\/blogdoedvaldomagalhaes.com.br\/wp-content\/uploads\/2022\/10\/IMG-20221019-WA0084.jpg 757w\" sizes=\"auto, (max-width: 570px) 100vw, 570px\" \/><\/figure>\n\n\n\n<figure class=\"wp-block-image size-large\"><img loading=\"lazy\" decoding=\"async\" width=\"1024\" height=\"484\" src=\"https:\/\/blogdoedvaldomagalhaes.com.br\/wp-content\/uploads\/2022\/10\/IMG-20221019-WA0083-1024x484.jpg\" alt=\"\" class=\"wp-image-89096\" srcset=\"https:\/\/blogdoedvaldomagalhaes.com.br\/wp-content\/uploads\/2022\/10\/IMG-20221019-WA0083-1024x484.jpg 1024w, https:\/\/blogdoedvaldomagalhaes.com.br\/wp-content\/uploads\/2022\/10\/IMG-20221019-WA0083-300x142.jpg 300w, https:\/\/blogdoedvaldomagalhaes.com.br\/wp-content\/uploads\/2022\/10\/IMG-20221019-WA0083-768x363.jpg 768w, https:\/\/blogdoedvaldomagalhaes.com.br\/wp-content\/uploads\/2022\/10\/IMG-20221019-WA0083.jpg 1280w\" sizes=\"auto, (max-width: 1024px) 100vw, 1024px\" \/><\/figure>\n\n\n\n<figure class=\"wp-block-image size-large\"><img loading=\"lazy\" decoding=\"async\" width=\"1024\" height=\"575\" src=\"https:\/\/blogdoedvaldomagalhaes.com.br\/wp-content\/uploads\/2022\/10\/IMG-20221019-WA0085-1024x575.jpg\" alt=\"\" class=\"wp-image-89097\" srcset=\"https:\/\/blogdoedvaldomagalhaes.com.br\/wp-content\/uploads\/2022\/10\/IMG-20221019-WA0085-1024x575.jpg 1024w, https:\/\/blogdoedvaldomagalhaes.com.br\/wp-content\/uploads\/2022\/10\/IMG-20221019-WA0085-300x169.jpg 300w, https:\/\/blogdoedvaldomagalhaes.com.br\/wp-content\/uploads\/2022\/10\/IMG-20221019-WA0085-768x431.jpg 768w, https:\/\/blogdoedvaldomagalhaes.com.br\/wp-content\/uploads\/2022\/10\/IMG-20221019-WA0085-1140x641.jpg 1140w, https:\/\/blogdoedvaldomagalhaes.com.br\/wp-content\/uploads\/2022\/10\/IMG-20221019-WA0085-720x405.jpg 720w, https:\/\/blogdoedvaldomagalhaes.com.br\/wp-content\/uploads\/2022\/10\/IMG-20221019-WA0085.jpg 1280w\" sizes=\"auto, (max-width: 1024px) 100vw, 1024px\" \/><figcaption>Fotos: Divulga\u00e7\u00e3o\/PRF<\/figcaption><\/figure>\n","protected":false},"excerpt":{"rendered":"<p>Um caminh\u00e3o carregado com cal\u00e7ados falsificados foi retido pela Pol\u00edcia Rodovi\u00e1ria Federal (PRF), na quarta-feira (18), na BR 232, em&hellip;<\/p>\n","protected":false},"author":1,"featured_media":89094,"comment_status":"closed","ping_status":"open","sticky":false,"template":"","format":"standard","meta":{"footnotes":""},"categories":[14121],"tags":[2,19532,25874,3406],"class_list":["post-89093","post","type-post","status-publish","format-standard","has-post-thumbnail","hentry","category-policial","tag-blog-do-edvaldo-magalhaes","tag-blog-mais-acessado-e-visualizado-de-caruaru-e-regiao","tag-caminhao-carregado-com-calcados-falsificados-e-retido-pela-prf-na-br-232","tag-caruaru"],"_links":{"self":[{"href":"https:\/\/blogdoedvaldomagalhaes.com.br\/index.php\/wp-json\/wp\/v2\/posts\/89093","targetHints":{"allow":["GET"]}}],"collection":[{"href":"https:\/\/blogdoedvaldomagalhaes.com.br\/index.php\/wp-json\/wp\/v2\/posts"}],"about":[{"href":"https:\/\/blogdoedvaldomagalhaes.com.br\/index.php\/wp-json\/wp\/v2\/types\/post"}],"author":[{"embeddable":true,"href":"https:\/\/blogdoedvaldomagalhaes.com.br\/index.php\/wp-json\/wp\/v2\/users\/1"}],"replies":[{"embeddable":true,"href":"https:\/\/blogdoedvaldomagalhaes.com.br\/index.php\/wp-json\/wp\/v2\/comments?post=89093"}],"version-history":[{"count":1,"href":"https:\/\/blogdoedvaldomagalhaes.com.br\/index.php\/wp-json\/wp\/v2\/posts\/89093\/revisions"}],"predecessor-version":[{"id":89098,"href":"https:\/\/blogdoedvaldomagalhaes.com.br\/index.php\/wp-json\/wp\/v2\/posts\/89093\/revisions\/89098"}],"wp:featuredmedia":[{"embeddable":true,"href":"https:\/\/blogdoedvaldomagalhaes.com.br\/index.php\/wp-json\/wp\/v2\/media\/89094"}],"wp:attachment":[{"href":"https:\/\/blogdoedvaldomagalhaes.com.br\/index.php\/wp-json\/wp\/v2\/media?parent=89093"}],"wp:term":[{"taxonomy":"category","embeddable":true,"href":"https:\/\/blogdoedvaldomagalhaes.com.br\/index.php\/wp-json\/wp\/v2\/categories?post=89093"},{"taxonomy":"post_tag","embeddable":true,"href":"https:\/\/blogdoedvaldomagalhaes.com.br\/index.php\/wp-json\/wp\/v2\/tags?post=89093"}],"curies":[{"name":"wp","href":"https:\/\/api.w.org\/{rel}","templated":true}]}}