{"id":89089,"date":"2022-10-18T22:24:40","date_gmt":"2022-10-19T01:24:40","guid":{"rendered":"https:\/\/blogdoedvaldomagalhaes.com.br\/?p=89089"},"modified":"2022-10-18T22:24:42","modified_gmt":"2022-10-19T01:24:42","slug":"vereador-cabo-cardoso-comemora-propositura-para-salvar-muitas-vidas-em-caruaru","status":"publish","type":"post","link":"https:\/\/blogdoedvaldomagalhaes.com.br\/index.php\/2022\/10\/18\/vereador-cabo-cardoso-comemora-propositura-para-salvar-muitas-vidas-em-caruaru\/","title":{"rendered":"Vereador Cabo Cardoso comemora propositura para salvar muitas vidas em Caruaru"},"content":{"rendered":"<p style=\"text-align: justify;\">O vereador Cabo Cardoso (PP), \u00e9 autor de uma propositura onde o parlamentar preocupado com o \u00edndice de mortes de pessoas engasgada, em sua maioria sendo crian\u00e7as pequenas, pediu a secretaria de Sa\u00fade para que fossem feitas palestras, entregas de panfletos e orienta\u00e7\u00f5es inclusive no pr\u00e9 natal, e at\u00e9 mesmo ap\u00f3s o parto antes da alta, no sentido de ensinar as m\u00e3es como agir em caso de engasgamento das crian\u00e7as. Essas a\u00e7\u00f5es est\u00e3o sendo feitas em parceria entre prefeitura e IFPE. Foto: Vladimir Barreto.<\/p>\n<p style=\"text-align: justify;\">Se inscreva no canal do Blog do Edvaldo Magalh\u00e3es no YouTube e siga no Instagram.<\/p>\n","protected":false},"excerpt":{"rendered":"<p>O vereador Cabo Cardoso (PP), \u00e9 autor de uma propositura onde o parlamentar preocupado com o \u00edndice de mortes de&hellip;<\/p>\n","protected":false},"author":1,"featured_media":89090,"comment_status":"closed","ping_status":"open","sticky":false,"template":"","format":"standard","meta":{"footnotes":""},"categories":[14120],"tags":[2,19532,3406,25873,25872,20,25871],"class_list":["post-89089","post","type-post","status-publish","format-standard","has-post-thumbnail","hentry","category-noticias","tag-blog-do-edvaldo-magalhaes","tag-blog-mais-acessado-e-visualizado-de-caruaru-e-regiao","tag-caruaru","tag-crianca","tag-engasgo","tag-politica","tag-vereador-cabo-cardoso-comemora-propositura-para-salvar-muitas-vidas-em-caruaru"],"_links":{"self":[{"href":"https:\/\/blogdoedvaldomagalhaes.com.br\/index.php\/wp-json\/wp\/v2\/posts\/89089","targetHints":{"allow":["GET"]}}],"collection":[{"href":"https:\/\/blogdoedvaldomagalhaes.com.br\/index.php\/wp-json\/wp\/v2\/posts"}],"about":[{"href":"https:\/\/blogdoedvaldomagalhaes.com.br\/index.php\/wp-json\/wp\/v2\/types\/post"}],"author":[{"embeddable":true,"href":"https:\/\/blogdoedvaldomagalhaes.com.br\/index.php\/wp-json\/wp\/v2\/users\/1"}],"replies":[{"embeddable":true,"href":"https:\/\/blogdoedvaldomagalhaes.com.br\/index.php\/wp-json\/wp\/v2\/comments?post=89089"}],"version-history":[{"count":1,"href":"https:\/\/blogdoedvaldomagalhaes.com.br\/index.php\/wp-json\/wp\/v2\/posts\/89089\/revisions"}],"predecessor-version":[{"id":89091,"href":"https:\/\/blogdoedvaldomagalhaes.com.br\/index.php\/wp-json\/wp\/v2\/posts\/89089\/revisions\/89091"}],"wp:featuredmedia":[{"embeddable":true,"href":"https:\/\/blogdoedvaldomagalhaes.com.br\/index.php\/wp-json\/wp\/v2\/media\/89090"}],"wp:attachment":[{"href":"https:\/\/blogdoedvaldomagalhaes.com.br\/index.php\/wp-json\/wp\/v2\/media?parent=89089"}],"wp:term":[{"taxonomy":"category","embeddable":true,"href":"https:\/\/blogdoedvaldomagalhaes.com.br\/index.php\/wp-json\/wp\/v2\/categories?post=89089"},{"taxonomy":"post_tag","embeddable":true,"href":"https:\/\/blogdoedvaldomagalhaes.com.br\/index.php\/wp-json\/wp\/v2\/tags?post=89089"}],"curies":[{"name":"wp","href":"https:\/\/api.w.org\/{rel}","templated":true}]}}