{"id":89083,"date":"2022-10-18T21:50:20","date_gmt":"2022-10-19T00:50:20","guid":{"rendered":"https:\/\/blogdoedvaldomagalhaes.com.br\/?p=89083"},"modified":"2022-10-18T21:53:26","modified_gmt":"2022-10-19T00:53:26","slug":"marilia-arraes-participa-de-carreata-na-zona-norte-do-recife","status":"publish","type":"post","link":"https:\/\/blogdoedvaldomagalhaes.com.br\/index.php\/2022\/10\/18\/marilia-arraes-participa-de-carreata-na-zona-norte-do-recife\/","title":{"rendered":"Mar\u00edlia Arraes participa de carreata na Zona Norte do Recife"},"content":{"rendered":"<p style=\"text-align: justify;\"><span style=\"font-size: revert; color: initial;\">Depois de participar do debate na FIEPE\/CBN e de uma sabatina na TV Globo, a candidata ao Governo de Pernambuco, Mar\u00edlia Arraes, participou de uma carreata na Zona Norte do Recife. Acompanhada de Francismar Pontes, deputado estadual, e dos vereadores do Recife, Felipe Francismar, Almir Fernando e Aline Mariano, a carreata come\u00e7ou no terminal do Alto Jos\u00e9 Bonif\u00e1cio e percorreu v\u00e1rias ruas do bairro.<\/span><\/p>\n<p style=\"text-align: justify;\">Antes do in\u00edcio da carreata, Mar\u00edlia concedeu uma r\u00e1pida entrevista para a imprensa presente. &#8220;Hoje foi um dia bastante propositivo. Tivemos a chance de apresentar nossas propostas durante o debate e entrevista e agora estamos ao lado do povo, nas ruas, para continuarmos esse dia t\u00e3o importante&#8221;, finaliza Mar\u00edlia.<\/p>\n\n\n<figure class=\"wp-block-image size-large\"><img loading=\"lazy\" decoding=\"async\" width=\"1024\" height=\"768\" src=\"https:\/\/blogdoedvaldomagalhaes.com.br\/wp-content\/uploads\/2022\/10\/IMG-20221018-WA0118-1024x768.jpg\" alt=\"\" class=\"wp-image-89086\" srcset=\"https:\/\/blogdoedvaldomagalhaes.com.br\/wp-content\/uploads\/2022\/10\/IMG-20221018-WA0118-1024x768.jpg 1024w, https:\/\/blogdoedvaldomagalhaes.com.br\/wp-content\/uploads\/2022\/10\/IMG-20221018-WA0118-300x225.jpg 300w, https:\/\/blogdoedvaldomagalhaes.com.br\/wp-content\/uploads\/2022\/10\/IMG-20221018-WA0118-768x576.jpg 768w, https:\/\/blogdoedvaldomagalhaes.com.br\/wp-content\/uploads\/2022\/10\/IMG-20221018-WA0118-1536x1152.jpg 1536w, https:\/\/blogdoedvaldomagalhaes.com.br\/wp-content\/uploads\/2022\/10\/IMG-20221018-WA0118-160x120.jpg 160w, https:\/\/blogdoedvaldomagalhaes.com.br\/wp-content\/uploads\/2022\/10\/IMG-20221018-WA0118.jpg 1600w\" sizes=\"auto, (max-width: 1024px) 100vw, 1024px\" \/><figcaption>Foto: Tiago Calagans<\/figcaption><\/figure>\n\n\n<p style=\"text-align: justify;\"><span style=\"font-size: revert; color: initial;\">Mar\u00edlia Arraes, recebeu o apoio do vereador do Recife, Aderaldo Pinto (PSB). Tr\u00eas vezes vereador da cidade, Aderaldo trabalhou ao lado de Mar\u00edlia na C\u00e2mara Municipal durante os mandatos da neta de Miguel Arraes como vereadora.<\/span><\/p>\n<p style=\"text-align: justify;\">Candidato a deputado estadual nas elei\u00e7\u00f5es deste ano, Aderaldo Pinto recebeu mais de 30 mil votos dos pernambucanos. O vereador fez quest\u00e3o de declarar apoio a Mar\u00edlia nesta segundo turno por conta dos servi\u00e7os prestados e pelo compromisso que ela tem com os pernambucanos.<\/p>\n<p style=\"text-align: justify;\">&#8220;Eu conhe\u00e7o Mar\u00edlia h\u00e1 muito tempo. Fomos vereadores do Recife juntos e sei da compet\u00eancia, do compromisso e da seriedade que ela tem. Estamos caminhando juntos neste momento e sei que Mar\u00edlia ser\u00e1 a nossa governadora a partir do ano que vem&#8221;, afirma Aderaldo.<\/p>\n<p style=\"text-align: justify;\">Com a chegada de Aderaldo ao palanque da coliga\u00e7\u00e3o PERNAMBUCO NA VEIA, Mar\u00edlia soma 23 vereadores do Recife apoiando a sua candidatura.<\/p>","protected":false},"excerpt":{"rendered":"<p>Depois de participar do debate na FIEPE\/CBN e de uma sabatina na TV Globo, a candidata ao Governo de Pernambuco,&hellip;<\/p>\n","protected":false},"author":1,"featured_media":89084,"comment_status":"closed","ping_status":"open","sticky":false,"template":"","format":"standard","meta":{"footnotes":""},"categories":[14122],"tags":[2,19532,3406,19613,25870,20],"class_list":["post-89083","post","type-post","status-publish","format-standard","has-post-thumbnail","hentry","category-politica","tag-blog-do-edvaldo-magalhaes","tag-blog-mais-acessado-e-visualizado-de-caruaru-e-regiao","tag-caruaru","tag-eleicoes","tag-marilia-arraes-participa-de-carreata-na-zona-norte-do-recife","tag-politica"],"_links":{"self":[{"href":"https:\/\/blogdoedvaldomagalhaes.com.br\/index.php\/wp-json\/wp\/v2\/posts\/89083","targetHints":{"allow":["GET"]}}],"collection":[{"href":"https:\/\/blogdoedvaldomagalhaes.com.br\/index.php\/wp-json\/wp\/v2\/posts"}],"about":[{"href":"https:\/\/blogdoedvaldomagalhaes.com.br\/index.php\/wp-json\/wp\/v2\/types\/post"}],"author":[{"embeddable":true,"href":"https:\/\/blogdoedvaldomagalhaes.com.br\/index.php\/wp-json\/wp\/v2\/users\/1"}],"replies":[{"embeddable":true,"href":"https:\/\/blogdoedvaldomagalhaes.com.br\/index.php\/wp-json\/wp\/v2\/comments?post=89083"}],"version-history":[{"count":2,"href":"https:\/\/blogdoedvaldomagalhaes.com.br\/index.php\/wp-json\/wp\/v2\/posts\/89083\/revisions"}],"predecessor-version":[{"id":89088,"href":"https:\/\/blogdoedvaldomagalhaes.com.br\/index.php\/wp-json\/wp\/v2\/posts\/89083\/revisions\/89088"}],"wp:featuredmedia":[{"embeddable":true,"href":"https:\/\/blogdoedvaldomagalhaes.com.br\/index.php\/wp-json\/wp\/v2\/media\/89084"}],"wp:attachment":[{"href":"https:\/\/blogdoedvaldomagalhaes.com.br\/index.php\/wp-json\/wp\/v2\/media?parent=89083"}],"wp:term":[{"taxonomy":"category","embeddable":true,"href":"https:\/\/blogdoedvaldomagalhaes.com.br\/index.php\/wp-json\/wp\/v2\/categories?post=89083"},{"taxonomy":"post_tag","embeddable":true,"href":"https:\/\/blogdoedvaldomagalhaes.com.br\/index.php\/wp-json\/wp\/v2\/tags?post=89083"}],"curies":[{"name":"wp","href":"https:\/\/api.w.org\/{rel}","templated":true}]}}