{"id":89078,"date":"2022-10-18T21:40:43","date_gmt":"2022-10-19T00:40:43","guid":{"rendered":"https:\/\/blogdoedvaldomagalhaes.com.br\/?p=89078"},"modified":"2022-10-18T21:45:04","modified_gmt":"2022-10-19T00:45:04","slug":"grupo-de-vereadores-e-ex-prefeitos-de-santa-cruz-estao-com-raquel-e-priscila","status":"publish","type":"post","link":"https:\/\/blogdoedvaldomagalhaes.com.br\/index.php\/2022\/10\/18\/grupo-de-vereadores-e-ex-prefeitos-de-santa-cruz-estao-com-raquel-e-priscila\/","title":{"rendered":"Grupo de vereadores e ex-prefeitos de Santa Cruz est\u00e3o com Raquel e Priscila"},"content":{"rendered":"\n<p><span style=\"font-size: revert; color: initial;\">As candidaturas de Raquel Lyra (PSDB) a governadora e Priscila Krause (Cidadania) a vice-governadora de Pernambuco receberam, nesta segunda-feira (17), o apoio de tr\u00eas vereadores, dois ex-prefeitos e dois suplentes de vereador do munic\u00edpio de Santa Cruz. Todo o grupo pol\u00edtico apoiou o ex-prefeito de Petrolina, Miguel Coelho (Uni\u00e3o Brasil), no primeiro turno.<\/span><\/p>\n\n\n\n<p>&#8220;Como Miguel optou por apoiar Raquel, nos unimos a ele mais uma vez e estamos nesse projeto de Raquel Lyra&#8221;, disse o vereador de Santa Cruz Jos\u00e9 Ion (MDB).<\/p>\n\n\n\n<p>&#8220;Hoje damos seguimento ao apoio \u00e0 oposi\u00e7\u00e3o em Pernambuco porque a gente v\u00ea que quem representa realmente a oposi\u00e7\u00e3o no estado \u00e9 Raquel. Todo o nosso grupo pol\u00edtico est\u00e1 declarando o apoio oficial \u00e0 governadora Raquel&#8221;, afirnou o tamb\u00e9m vereador do munic\u00edpio Z\u00e9 Neildo (Avante).<\/p>\n\n\n\n<p>Os dois parlamentares estiveram na sede do PSDB, na \u00e1rea central do Recife. Junto com eles, tamb\u00e9m aderiram ao palanque de Raquel e Priscila a vereadora de Santa Cruz, Soledade (MDB), os ex-prefeitos do munic\u00edpio Z\u00e9 do Brejo e Gilvan Cirino (Avante), al\u00e9m dos suplentes de vereador da cidade Cecinia de Romero (Avante) e Naldo Amaral (MDB).<\/p>\n\n\n\n<figure class=\"wp-block-image size-large\"><img loading=\"lazy\" decoding=\"async\" width=\"1024\" height=\"682\" src=\"https:\/\/blogdoedvaldomagalhaes.com.br\/wp-content\/uploads\/2022\/10\/IMG-20221018-WA0112-1024x682.jpg\" alt=\"\" class=\"wp-image-89080\" srcset=\"https:\/\/blogdoedvaldomagalhaes.com.br\/wp-content\/uploads\/2022\/10\/IMG-20221018-WA0112-1024x682.jpg 1024w, https:\/\/blogdoedvaldomagalhaes.com.br\/wp-content\/uploads\/2022\/10\/IMG-20221018-WA0112-300x200.jpg 300w, https:\/\/blogdoedvaldomagalhaes.com.br\/wp-content\/uploads\/2022\/10\/IMG-20221018-WA0112-768x511.jpg 768w, https:\/\/blogdoedvaldomagalhaes.com.br\/wp-content\/uploads\/2022\/10\/IMG-20221018-WA0112.jpg 1280w\" sizes=\"auto, (max-width: 1024px) 100vw, 1024px\" \/><figcaption>Fotos: Jana\u00edna Pepeu <\/figcaption><\/figure>\n\n\n<p style=\"text-align: justify;\"><span style=\"font-size: revert; color: initial;\">A candidata a governadora, Raquel Lyra (PSDB), apresentou, nesta ter\u00e7a-feira (18), as suas propostas de governo aos moradores da Mustardinha, na Zona Oeste do Recife. Raquel e a sua vice, Priscila Krause (Cidadania), percorreram o com\u00e9rcio do bairro, e foram recebidas com muito entusiasmo pela popula\u00e7\u00e3o.<\/span><\/p>\n<p style=\"text-align: justify;\">\u201cEstamos com a campanha na rua, ouvindo o desejo do povo que quer mudan\u00e7a de verdade. Serei a governadora que vai cuidar das m\u00e3es, das crian\u00e7as, e vou trabalhar, incansavelmente, para gerar oportunidade para a nossa gente. Se eu tiver a honra de ser governadora, farei das ruas o meu gabinete\u201d, afirmou Raquel.<\/p>\n<p style=\"text-align: justify;\">A dona de casa L\u00facia Farias, 57 anos, declarou voto na candidata e falou sobre as demandas do bairro. \u201cFui 45 no primeiro turno porque Raquel mostrou preparo e, neste segundo turno, estou mobilizada para virar votos para ela. O que a gente quer \u00e9 uma governadora que cuide da nossa sa\u00fade, da seguran\u00e7a e resolva o problema da falta de \u00e1gua\u201d, ressaltou.<\/p>\n<p style=\"text-align: justify;\">Tamb\u00e9m acompanharam a agenda o deputado federal Daniel Coelho (Cid); os vereadores do Recife, Alcides Cardoso (PSDB), Doduel Varela (PP) e Davi Muniz (PSB), al\u00e9m de lideran\u00e7as da Regi\u00e3o Metropolitana.<\/p>\n<p style=\"text-align: justify;\">Se inscreva no canal do Blog do Edvaldo Magalh\u00e3es no YouTube e siga no Instagram.<\/p>","protected":false},"excerpt":{"rendered":"<p>As candidaturas de Raquel Lyra (PSDB) a governadora e Priscila Krause (Cidadania) a vice-governadora de Pernambuco receberam, nesta segunda-feira (17),&hellip;<\/p>\n","protected":false},"author":1,"featured_media":89079,"comment_status":"closed","ping_status":"open","sticky":false,"template":"","format":"standard","meta":{"footnotes":""},"categories":[14122],"tags":[2,19532,3406,19613,25869,20],"class_list":["post-89078","post","type-post","status-publish","format-standard","has-post-thumbnail","hentry","category-politica","tag-blog-do-edvaldo-magalhaes","tag-blog-mais-acessado-e-visualizado-de-caruaru-e-regiao","tag-caruaru","tag-eleicoes","tag-grupo-de-vereadores-e-ex-prefeitos-de-santa-cruz-estao-com-raquel-e-priscila","tag-politica"],"_links":{"self":[{"href":"https:\/\/blogdoedvaldomagalhaes.com.br\/index.php\/wp-json\/wp\/v2\/posts\/89078","targetHints":{"allow":["GET"]}}],"collection":[{"href":"https:\/\/blogdoedvaldomagalhaes.com.br\/index.php\/wp-json\/wp\/v2\/posts"}],"about":[{"href":"https:\/\/blogdoedvaldomagalhaes.com.br\/index.php\/wp-json\/wp\/v2\/types\/post"}],"author":[{"embeddable":true,"href":"https:\/\/blogdoedvaldomagalhaes.com.br\/index.php\/wp-json\/wp\/v2\/users\/1"}],"replies":[{"embeddable":true,"href":"https:\/\/blogdoedvaldomagalhaes.com.br\/index.php\/wp-json\/wp\/v2\/comments?post=89078"}],"version-history":[{"count":2,"href":"https:\/\/blogdoedvaldomagalhaes.com.br\/index.php\/wp-json\/wp\/v2\/posts\/89078\/revisions"}],"predecessor-version":[{"id":89082,"href":"https:\/\/blogdoedvaldomagalhaes.com.br\/index.php\/wp-json\/wp\/v2\/posts\/89078\/revisions\/89082"}],"wp:featuredmedia":[{"embeddable":true,"href":"https:\/\/blogdoedvaldomagalhaes.com.br\/index.php\/wp-json\/wp\/v2\/media\/89079"}],"wp:attachment":[{"href":"https:\/\/blogdoedvaldomagalhaes.com.br\/index.php\/wp-json\/wp\/v2\/media?parent=89078"}],"wp:term":[{"taxonomy":"category","embeddable":true,"href":"https:\/\/blogdoedvaldomagalhaes.com.br\/index.php\/wp-json\/wp\/v2\/categories?post=89078"},{"taxonomy":"post_tag","embeddable":true,"href":"https:\/\/blogdoedvaldomagalhaes.com.br\/index.php\/wp-json\/wp\/v2\/tags?post=89078"}],"curies":[{"name":"wp","href":"https:\/\/api.w.org\/{rel}","templated":true}]}}