{"id":89038,"date":"2022-10-18T09:55:54","date_gmt":"2022-10-18T12:55:54","guid":{"rendered":"https:\/\/blogdoedvaldomagalhaes.com.br\/?p=89038"},"modified":"2022-10-18T15:19:31","modified_gmt":"2022-10-18T18:19:31","slug":"pm-recupera-carro-roubado-e-prende-suspeitos-que-estavam-com-um-revolver-e-tres-celulares","status":"publish","type":"post","link":"https:\/\/blogdoedvaldomagalhaes.com.br\/index.php\/2022\/10\/18\/pm-recupera-carro-roubado-e-prende-suspeitos-que-estavam-com-um-revolver-e-tres-celulares\/","title":{"rendered":"PM recupera carro roubado e prende suspeitos que estavam com um rev\u00f3lver e tr\u00eas celulares"},"content":{"rendered":"<p style=\"text-align: justify;\"><span style=\"font-size: revert; color: initial;\">Na tarde dessa segunda(17), um ve\u00edculo foi roubado por indiv\u00edduos armados, na Avenida Caxang\u00e1, V\u00e1rzea. As v\u00edtimas entraram em contato com policiais militares que realizavam o policiamento a p\u00e9 no Terminal Integrado da CDU e logo a informa\u00e7\u00e3o foi repassada para a central. <\/span><\/p>\n<p style=\"text-align: justify;\"><span style=\"font-size: revert; color: initial;\">De imediato, equipes do 12\u00baBPM realizaram a busca e conseguiram localizar os suspeitos, que ao avistar o policiamento, tentaram fugir, dando in\u00edcio a um acompanhamento. Os homens foram detidos no bairro do Derby, o carro recuperado e uma arma de fogo e tr\u00eas celulares apreendidos. <\/span><\/p>\n<p style=\"text-align: justify;\"><span style=\"font-size: revert; color: initial;\">Diante dos fatos, os suspeitos foram conduzidos para a delegacia para ado\u00e7\u00e3o das medidas cab\u00edveis.<\/span><\/p>\n<p style=\"text-align: justify;\">Se inscreva no canal do Edvaldo Magalh\u00e3es no YouTube e siga no Instagram.<\/p>\n\n\n<figure class=\"wp-block-image size-large is-resized\"><img loading=\"lazy\" decoding=\"async\" src=\"https:\/\/blogdoedvaldomagalhaes.com.br\/wp-content\/uploads\/2022\/10\/IMG-20221018-WA0023-1024x457.jpg\" alt=\"\" class=\"wp-image-89040\" width=\"358\" height=\"159\" srcset=\"https:\/\/blogdoedvaldomagalhaes.com.br\/wp-content\/uploads\/2022\/10\/IMG-20221018-WA0023-1024x457.jpg 1024w, https:\/\/blogdoedvaldomagalhaes.com.br\/wp-content\/uploads\/2022\/10\/IMG-20221018-WA0023-300x134.jpg 300w, https:\/\/blogdoedvaldomagalhaes.com.br\/wp-content\/uploads\/2022\/10\/IMG-20221018-WA0023-768x343.jpg 768w, https:\/\/blogdoedvaldomagalhaes.com.br\/wp-content\/uploads\/2022\/10\/IMG-20221018-WA0023.jpg 1200w\" sizes=\"auto, (max-width: 358px) 100vw, 358px\" \/><figcaption>p<\/figcaption><\/figure>\n","protected":false},"excerpt":{"rendered":"<p>Na tarde dessa segunda(17), um ve\u00edculo foi roubado por indiv\u00edduos armados, na Avenida Caxang\u00e1, V\u00e1rzea. As v\u00edtimas entraram em contato&hellip;<\/p>\n","protected":false},"author":1,"featured_media":89039,"comment_status":"closed","ping_status":"open","sticky":false,"template":"","format":"standard","meta":{"footnotes":""},"categories":[14121],"tags":[2,19532,3406,25859],"class_list":["post-89038","post","type-post","status-publish","format-standard","has-post-thumbnail","hentry","category-policial","tag-blog-do-edvaldo-magalhaes","tag-blog-mais-acessado-e-visualizado-de-caruaru-e-regiao","tag-caruaru","tag-pm-recupera-carro-roubado-e-prende-suspeitos-que-estavam-com-um-revolver-e-tres-celulares"],"_links":{"self":[{"href":"https:\/\/blogdoedvaldomagalhaes.com.br\/index.php\/wp-json\/wp\/v2\/posts\/89038","targetHints":{"allow":["GET"]}}],"collection":[{"href":"https:\/\/blogdoedvaldomagalhaes.com.br\/index.php\/wp-json\/wp\/v2\/posts"}],"about":[{"href":"https:\/\/blogdoedvaldomagalhaes.com.br\/index.php\/wp-json\/wp\/v2\/types\/post"}],"author":[{"embeddable":true,"href":"https:\/\/blogdoedvaldomagalhaes.com.br\/index.php\/wp-json\/wp\/v2\/users\/1"}],"replies":[{"embeddable":true,"href":"https:\/\/blogdoedvaldomagalhaes.com.br\/index.php\/wp-json\/wp\/v2\/comments?post=89038"}],"version-history":[{"count":2,"href":"https:\/\/blogdoedvaldomagalhaes.com.br\/index.php\/wp-json\/wp\/v2\/posts\/89038\/revisions"}],"predecessor-version":[{"id":89066,"href":"https:\/\/blogdoedvaldomagalhaes.com.br\/index.php\/wp-json\/wp\/v2\/posts\/89038\/revisions\/89066"}],"wp:featuredmedia":[{"embeddable":true,"href":"https:\/\/blogdoedvaldomagalhaes.com.br\/index.php\/wp-json\/wp\/v2\/media\/89039"}],"wp:attachment":[{"href":"https:\/\/blogdoedvaldomagalhaes.com.br\/index.php\/wp-json\/wp\/v2\/media?parent=89038"}],"wp:term":[{"taxonomy":"category","embeddable":true,"href":"https:\/\/blogdoedvaldomagalhaes.com.br\/index.php\/wp-json\/wp\/v2\/categories?post=89038"},{"taxonomy":"post_tag","embeddable":true,"href":"https:\/\/blogdoedvaldomagalhaes.com.br\/index.php\/wp-json\/wp\/v2\/tags?post=89038"}],"curies":[{"name":"wp","href":"https:\/\/api.w.org\/{rel}","templated":true}]}}