{"id":89033,"date":"2022-10-17T21:46:19","date_gmt":"2022-10-18T00:46:19","guid":{"rendered":"https:\/\/blogdoedvaldomagalhaes.com.br\/?p=89033"},"modified":"2022-10-17T21:47:47","modified_gmt":"2022-10-18T00:47:47","slug":"vereador-galego-de-lajes-comemora-inicio-da-obra-para-levar-agua-ate-serrote-dos-bois","status":"publish","type":"post","link":"https:\/\/blogdoedvaldomagalhaes.com.br\/index.php\/2022\/10\/17\/vereador-galego-de-lajes-comemora-inicio-da-obra-para-levar-agua-ate-serrote-dos-bois\/","title":{"rendered":"Vereador Galego de Lajes comemora in\u00edcio da obra para levar \u00e1gua at\u00e9 Serrote dos Bois"},"content":{"rendered":"<p style=\"text-align: justify;\">O vereador Galego de Lajes comemora o in\u00edcio da obra de implanta\u00e7\u00e3o do Sistema de Abastecimento de \u00c1gua, para o distrito de Serrote dos Bois, em Caruaru. O local que ainda n\u00e3o \u00e9 atendido pela Companhia, est\u00e1 recebendo o investimento R$ 1,1 milh\u00e3o para implantar 10 quil\u00f4metros de tubula\u00e7\u00e3o, que beneficiar\u00e3o 2.400 moradores da localidade.<\/p>\n<p style=\"text-align: justify;\">Com previs\u00e3o de conclus\u00e3o para o primeiro semestre de 2023, a obra atente a um pleito antigo da comunidade. &#8220;No in\u00edcio do pr\u00f3ximo ano, os moradores do distrito de Serrote dos Bois contar\u00e3o com os servi\u00e7os da Compesa, recebendo \u00e1gua tratada em suas casas&#8221;, destaca o gerente de Unidade de Neg\u00f3cios da Compesa, Denis Mendes.<\/p>\n<p style=\"text-align: justify;\">Galego de Lajes afirmou que a obra \u00e9 fruto de uma emenda parlamentar de Jarbas Vasconcelos, articulado pelo deputado estadual Tony Gel.<\/p>\n","protected":false},"excerpt":{"rendered":"<p>O vereador Galego de Lajes comemora o in\u00edcio da obra de implanta\u00e7\u00e3o do Sistema de Abastecimento de \u00c1gua, para o&hellip;<\/p>\n","protected":false},"author":1,"featured_media":89034,"comment_status":"closed","ping_status":"open","sticky":false,"template":"","format":"standard","meta":{"footnotes":""},"categories":[14122],"tags":[2,19532,3406,20,25858],"class_list":["post-89033","post","type-post","status-publish","format-standard","has-post-thumbnail","hentry","category-politica","tag-blog-do-edvaldo-magalhaes","tag-blog-mais-acessado-e-visualizado-de-caruaru-e-regiao","tag-caruaru","tag-politica","tag-vereador-galego-de-lajes-comemora-inicio-da-obra-para-levar-agua-ate-serrote-dos-bois"],"_links":{"self":[{"href":"https:\/\/blogdoedvaldomagalhaes.com.br\/index.php\/wp-json\/wp\/v2\/posts\/89033","targetHints":{"allow":["GET"]}}],"collection":[{"href":"https:\/\/blogdoedvaldomagalhaes.com.br\/index.php\/wp-json\/wp\/v2\/posts"}],"about":[{"href":"https:\/\/blogdoedvaldomagalhaes.com.br\/index.php\/wp-json\/wp\/v2\/types\/post"}],"author":[{"embeddable":true,"href":"https:\/\/blogdoedvaldomagalhaes.com.br\/index.php\/wp-json\/wp\/v2\/users\/1"}],"replies":[{"embeddable":true,"href":"https:\/\/blogdoedvaldomagalhaes.com.br\/index.php\/wp-json\/wp\/v2\/comments?post=89033"}],"version-history":[{"count":2,"href":"https:\/\/blogdoedvaldomagalhaes.com.br\/index.php\/wp-json\/wp\/v2\/posts\/89033\/revisions"}],"predecessor-version":[{"id":89037,"href":"https:\/\/blogdoedvaldomagalhaes.com.br\/index.php\/wp-json\/wp\/v2\/posts\/89033\/revisions\/89037"}],"wp:featuredmedia":[{"embeddable":true,"href":"https:\/\/blogdoedvaldomagalhaes.com.br\/index.php\/wp-json\/wp\/v2\/media\/89034"}],"wp:attachment":[{"href":"https:\/\/blogdoedvaldomagalhaes.com.br\/index.php\/wp-json\/wp\/v2\/media?parent=89033"}],"wp:term":[{"taxonomy":"category","embeddable":true,"href":"https:\/\/blogdoedvaldomagalhaes.com.br\/index.php\/wp-json\/wp\/v2\/categories?post=89033"},{"taxonomy":"post_tag","embeddable":true,"href":"https:\/\/blogdoedvaldomagalhaes.com.br\/index.php\/wp-json\/wp\/v2\/tags?post=89033"}],"curies":[{"name":"wp","href":"https:\/\/api.w.org\/{rel}","templated":true}]}}