{"id":89030,"date":"2022-10-17T19:36:50","date_gmt":"2022-10-17T22:36:50","guid":{"rendered":"https:\/\/blogdoedvaldomagalhaes.com.br\/?p=89030"},"modified":"2022-10-17T19:36:52","modified_gmt":"2022-10-17T22:36:52","slug":"marilia-arraes-se-sente-mal-durante-entrevista-e-esta-sob-observacao-medica","status":"publish","type":"post","link":"https:\/\/blogdoedvaldomagalhaes.com.br\/index.php\/2022\/10\/17\/marilia-arraes-se-sente-mal-durante-entrevista-e-esta-sob-observacao-medica\/","title":{"rendered":"Mar\u00edlia Arraes se sente mal durante entrevista e est\u00e1 sob observa\u00e7\u00e3o m\u00e9dica"},"content":{"rendered":"<p style=\"text-align: justify;\"><span style=\"font-size: revert; color: initial;\">A coliga\u00e7\u00e3o PERNAMBUCO NA VEIA informa que a candidata a governadora Mar\u00edlia Arraes se sentiu mal durante entrevista concedida hoje \u00e0 tarde \u00e0 TV Tribuna. Pu\u00e9rpera e gr\u00e1vida de seis meses, Mar\u00edlia apresentou um pico hipertensivo significativo e precisou ficar sob observa\u00e7\u00e3o m\u00e9dica, inclusive para realiza\u00e7\u00e3o de exames mais detalhados. As atividades de campanha da candidata, agendadas para a noite desta segunda-feira, est\u00e3o suspensas.<\/span><\/p>\n<p style=\"text-align: justify;\">Recife, 17 de outubro de 2022.<br \/>\n*Coliga\u00e7\u00e3o PERNAMBUCO NA VEIA*<\/p>\n","protected":false},"excerpt":{"rendered":"<p>A coliga\u00e7\u00e3o PERNAMBUCO NA VEIA informa que a candidata a governadora Mar\u00edlia Arraes se sentiu mal durante entrevista concedida hoje&hellip;<\/p>\n","protected":false},"author":1,"featured_media":89031,"comment_status":"closed","ping_status":"open","sticky":false,"template":"","format":"standard","meta":{"footnotes":""},"categories":[14122],"tags":[2,19532,3406,19613,25857,20],"class_list":["post-89030","post","type-post","status-publish","format-standard","has-post-thumbnail","hentry","category-politica","tag-blog-do-edvaldo-magalhaes","tag-blog-mais-acessado-e-visualizado-de-caruaru-e-regiao","tag-caruaru","tag-eleicoes","tag-marilia-arraes-se-sente-mal-durante-entrevista-e-esta-sob-observacao-medica","tag-politica"],"_links":{"self":[{"href":"https:\/\/blogdoedvaldomagalhaes.com.br\/index.php\/wp-json\/wp\/v2\/posts\/89030","targetHints":{"allow":["GET"]}}],"collection":[{"href":"https:\/\/blogdoedvaldomagalhaes.com.br\/index.php\/wp-json\/wp\/v2\/posts"}],"about":[{"href":"https:\/\/blogdoedvaldomagalhaes.com.br\/index.php\/wp-json\/wp\/v2\/types\/post"}],"author":[{"embeddable":true,"href":"https:\/\/blogdoedvaldomagalhaes.com.br\/index.php\/wp-json\/wp\/v2\/users\/1"}],"replies":[{"embeddable":true,"href":"https:\/\/blogdoedvaldomagalhaes.com.br\/index.php\/wp-json\/wp\/v2\/comments?post=89030"}],"version-history":[{"count":1,"href":"https:\/\/blogdoedvaldomagalhaes.com.br\/index.php\/wp-json\/wp\/v2\/posts\/89030\/revisions"}],"predecessor-version":[{"id":89032,"href":"https:\/\/blogdoedvaldomagalhaes.com.br\/index.php\/wp-json\/wp\/v2\/posts\/89030\/revisions\/89032"}],"wp:featuredmedia":[{"embeddable":true,"href":"https:\/\/blogdoedvaldomagalhaes.com.br\/index.php\/wp-json\/wp\/v2\/media\/89031"}],"wp:attachment":[{"href":"https:\/\/blogdoedvaldomagalhaes.com.br\/index.php\/wp-json\/wp\/v2\/media?parent=89030"}],"wp:term":[{"taxonomy":"category","embeddable":true,"href":"https:\/\/blogdoedvaldomagalhaes.com.br\/index.php\/wp-json\/wp\/v2\/categories?post=89030"},{"taxonomy":"post_tag","embeddable":true,"href":"https:\/\/blogdoedvaldomagalhaes.com.br\/index.php\/wp-json\/wp\/v2\/tags?post=89030"}],"curies":[{"name":"wp","href":"https:\/\/api.w.org\/{rel}","templated":true}]}}