{"id":89024,"date":"2022-10-17T18:18:36","date_gmt":"2022-10-17T21:18:36","guid":{"rendered":"https:\/\/blogdoedvaldomagalhaes.com.br\/?p=89024"},"modified":"2022-10-17T18:28:00","modified_gmt":"2022-10-17T21:28:00","slug":"raquel-lyra-ja-tem-apoio-de-110-prefeitos-e-42-deputados","status":"publish","type":"post","link":"https:\/\/blogdoedvaldomagalhaes.com.br\/index.php\/2022\/10\/17\/raquel-lyra-ja-tem-apoio-de-110-prefeitos-e-42-deputados\/","title":{"rendered":"Raquel Lyra j\u00e1 tem apoio de 110 prefeitos e 42 deputados"},"content":{"rendered":"<p style=\"text-align: justify;\"><span style=\"font-size: revert; color: initial;\">A candidata ao Governo do Estado, Raquel Lyra, j\u00e1 soma ao seu projeto de unir Pernambuco o apoio declarado de 110 prefeitos de todas as regi\u00f5es do estado. A escolha pela candidata vem crescendo cada vez mais desde a noite do domingo, 2 de outubro, quando foi confirmada a sua passagem para o segundo turno, com mais de 1 milh\u00e3o de votos. Aos prefeitos que j\u00e1 caminhavam com ela, somam-se os novos que acreditam que Raquel representa a mudan\u00e7a de verdade para Pernambuco nessa fase de decis\u00e3o eleitoral.<\/span><\/p>\n<p style=\"text-align: justify;\">S\u00e3o prefeitos da Regi\u00e3o Metropolitana do Recife (RMR), como Elcione Ramos (Igarassu), C\u00e9lia Sales (PTB &#8211; Ipojuca), Keko do Armaz\u00e9m (PL &#8211; Cabo de Santo Agostinho), Professor Lupercio (SD &#8211; Olinda) e Edmilson Cupertino (PSB &#8211; Moreno). Da Zona da Mata, h\u00e1 o apoio dos prefeitos de Catende (Dona Gra\u00e7a\/PSDB), Vic\u00eancia (Guiga\/Cidadania), Carpina (Manuel Botafogo\/PDT), Vit\u00f3ria de Santo Ant\u00e3o (Paulo Roberto\/MDB), Palmares (J\u00fanior de Beto\/PP), Escada (Mary Gouveia\/PL) e Ribeir\u00e3o (Marcelo Maranh\u00e3o\/PSB), dentre v\u00e1rios outros.<\/p>\n<p style=\"text-align: justify;\">Do Agreste, alguns que tamb\u00e9m declararam apoio a Raquel s\u00e3o Lucielle (Uni\u00e3o Brasil &#8211; Bezerros), Rodrigo Pinheiro (PSDB &#8211; Caruaru), Canhotinho (PSDB &#8211; Sandra Paes), Gustavo Adolfo (PSB &#8211; Bonito), Roberto Asfora (PL &#8211; Brejo da Madre de Deus) e Arquimedes Valen\u00e7a (MDB &#8211; Bu\u00edque), al\u00e9m de muitos outros.<\/p>\n<p style=\"text-align: justify;\">E do Sert\u00e3o, dentre os in\u00fameros prefeitos, pode-se tamb\u00e9m citar a presen\u00e7a de M\u00e1rcia Conrado (PT &#8211; Serra Talhada), Sandrinho Palmeira (PSB &#8211; Afogados da Ingazeira), Wellington Maciel (MDB &#8211; Arcoverde) e Ricardo Ramos (PSDB &#8211; Ouricuri).<\/p>\n<p style=\"text-align: justify;\">*Deputados estaduais e federais -* Raquel Lyra tamb\u00e9m j\u00e1 conta com o apoio robusto de *29* deputados estaduais e *13* deputados federais, entre eleitos e com mandato. S\u00e3o lideran\u00e7as com forte atua\u00e7\u00e3o em todas as regi\u00f5es do estado e que dar\u00e3o imensa contribui\u00e7\u00e3o ao futuro governo, aprovando projetos e conseguindo recursos para tirar do papel propostas como a constru\u00e7\u00e3o de 60 mil novas vagas de creche, cinco novas maternidades em todo o estado, implanta\u00e7\u00e3o de restaurantes populares fixos e m\u00f3veis em todas as regi\u00f5es e a gera\u00e7\u00e3o de empregos com o maior programa de qualifica\u00e7\u00e3o profissional da hist\u00f3ria do estado e com o Bora Empreender!, apoiando e oferecendo cr\u00e9dito ao microempreendedor.<\/p>\n","protected":false},"excerpt":{"rendered":"<p>A candidata ao Governo do Estado, Raquel Lyra, j\u00e1 soma ao seu projeto de unir Pernambuco o apoio declarado de&hellip;<\/p>\n","protected":false},"author":1,"featured_media":89025,"comment_status":"closed","ping_status":"open","sticky":false,"template":"","format":"standard","meta":{"footnotes":""},"categories":[14122],"tags":[2,19532,3406,19613,20,25856],"class_list":["post-89024","post","type-post","status-publish","format-standard","has-post-thumbnail","hentry","category-politica","tag-blog-do-edvaldo-magalhaes","tag-blog-mais-acessado-e-visualizado-de-caruaru-e-regiao","tag-caruaru","tag-eleicoes","tag-politica","tag-raquel-lyra-ja-tem-apoio-de-110-prefeitos-e-42-deputados"],"_links":{"self":[{"href":"https:\/\/blogdoedvaldomagalhaes.com.br\/index.php\/wp-json\/wp\/v2\/posts\/89024","targetHints":{"allow":["GET"]}}],"collection":[{"href":"https:\/\/blogdoedvaldomagalhaes.com.br\/index.php\/wp-json\/wp\/v2\/posts"}],"about":[{"href":"https:\/\/blogdoedvaldomagalhaes.com.br\/index.php\/wp-json\/wp\/v2\/types\/post"}],"author":[{"embeddable":true,"href":"https:\/\/blogdoedvaldomagalhaes.com.br\/index.php\/wp-json\/wp\/v2\/users\/1"}],"replies":[{"embeddable":true,"href":"https:\/\/blogdoedvaldomagalhaes.com.br\/index.php\/wp-json\/wp\/v2\/comments?post=89024"}],"version-history":[{"count":2,"href":"https:\/\/blogdoedvaldomagalhaes.com.br\/index.php\/wp-json\/wp\/v2\/posts\/89024\/revisions"}],"predecessor-version":[{"id":89028,"href":"https:\/\/blogdoedvaldomagalhaes.com.br\/index.php\/wp-json\/wp\/v2\/posts\/89024\/revisions\/89028"}],"wp:featuredmedia":[{"embeddable":true,"href":"https:\/\/blogdoedvaldomagalhaes.com.br\/index.php\/wp-json\/wp\/v2\/media\/89025"}],"wp:attachment":[{"href":"https:\/\/blogdoedvaldomagalhaes.com.br\/index.php\/wp-json\/wp\/v2\/media?parent=89024"}],"wp:term":[{"taxonomy":"category","embeddable":true,"href":"https:\/\/blogdoedvaldomagalhaes.com.br\/index.php\/wp-json\/wp\/v2\/categories?post=89024"},{"taxonomy":"post_tag","embeddable":true,"href":"https:\/\/blogdoedvaldomagalhaes.com.br\/index.php\/wp-json\/wp\/v2\/tags?post=89024"}],"curies":[{"name":"wp","href":"https:\/\/api.w.org\/{rel}","templated":true}]}}