{"id":89022,"date":"2022-10-17T18:07:37","date_gmt":"2022-10-17T21:07:37","guid":{"rendered":"https:\/\/blogdoedvaldomagalhaes.com.br\/?p=89022"},"modified":"2022-10-17T18:07:39","modified_gmt":"2022-10-17T21:07:39","slug":"marilia-arraes-consegue-condenacao-de-vereador-por-fake-news","status":"publish","type":"post","link":"https:\/\/blogdoedvaldomagalhaes.com.br\/index.php\/2022\/10\/17\/marilia-arraes-consegue-condenacao-de-vereador-por-fake-news\/","title":{"rendered":"Mar\u00edlia Arraes consegue condena\u00e7\u00e3o de vereador por fake News"},"content":{"rendered":"<p style=\"text-align: justify;\"><span style=\"font-size: revert; color: initial;\">A m\u00e1quina de fake news contra a candidatura de Mar\u00edlia Arraes ao governo do Estado sofreu mais um duro golpe nesta segunda-feira (17). Decis\u00f5es da Justi\u00e7a Eleitoral condenaram dois usu\u00e1rios de redes sociais por publicarem em seus perfis informa\u00e7\u00f5es falsas sobre pesquisas igualmente mentirosas. Um dos condenados \u00e9 o vereador bolsonarista de Petrolina, Capit\u00e3o Alencar, filiado ao Patriota e apoiador da candidata Raquel Lyra na disputa com Mar\u00edlia.<\/span><\/p>\n<p style=\"text-align: justify;\">No caso do Capit\u00e3o Alencar, bolsonarista cujo perfil no Instagram \u00e9 recheado de postagens pr\u00f3-Raquel Lyra, inclusive fotografias com a candidata e tamb\u00e9m com o presidente Jair Bolsonaro, a decis\u00e3o determina, al\u00e9m da retirada da publica\u00e7\u00e3o com falsa pesquisa eleitoral mostrado a tucana com um percentual de inten\u00e7\u00e3o de voos mentiroso, uma multa de R$ 53.205. Segundo a desembargadora Virg\u00ednia Gondim Dantas, a postagem de Capit\u00e3o Alencar contribuiu para \u201ca dissemina\u00e7\u00e3o de dados que n\u00e3o correspondam \u00e0 realidade e que exercem influ\u00eancia (o citado efeito manada) na opini\u00e3o do eleitorado.<\/p>\n<p style=\"text-align: justify;\">J\u00e1 no segundo caso, um usu\u00e1rio de Bonito, no Agreste, tamb\u00e9m postou a mesma fake news. A desembargadora aplicou a mesma senten\u00e7a, inclusive no valor da multa, alertando que o autor da postagem, identificado como Ricardo Alexandre de Oliveira, \u201ccompartilhou no Instagram postagem com emprego da palavra PESQUISA, seguida de diversos dados que levam a crer que se trata de uma pesquisa ver\u00eddica \u2013 percentuais, nome de instituto respons\u00e1vel, per\u00edodo, locais de aferi\u00e7\u00e3o &#8211; elementos esses que, segundo o entendimento do TSE, s\u00e3o suficientes para enquadrar referida conduta como divulga\u00e7\u00e3o de pesquisa eleitoral sem pr\u00e9vio registro&#8221;.<\/p>\n","protected":false},"excerpt":{"rendered":"<p>A m\u00e1quina de fake news contra a candidatura de Mar\u00edlia Arraes ao governo do Estado sofreu mais um duro golpe&hellip;<\/p>\n","protected":false},"author":1,"featured_media":87464,"comment_status":"closed","ping_status":"open","sticky":false,"template":"","format":"standard","meta":{"footnotes":""},"categories":[14122],"tags":[2,19532,3406,19613,25855,20],"class_list":["post-89022","post","type-post","status-publish","format-standard","has-post-thumbnail","hentry","category-politica","tag-blog-do-edvaldo-magalhaes","tag-blog-mais-acessado-e-visualizado-de-caruaru-e-regiao","tag-caruaru","tag-eleicoes","tag-marilia-arraes-consegue-condenacao-de-vereador-por-fake-news","tag-politica"],"_links":{"self":[{"href":"https:\/\/blogdoedvaldomagalhaes.com.br\/index.php\/wp-json\/wp\/v2\/posts\/89022","targetHints":{"allow":["GET"]}}],"collection":[{"href":"https:\/\/blogdoedvaldomagalhaes.com.br\/index.php\/wp-json\/wp\/v2\/posts"}],"about":[{"href":"https:\/\/blogdoedvaldomagalhaes.com.br\/index.php\/wp-json\/wp\/v2\/types\/post"}],"author":[{"embeddable":true,"href":"https:\/\/blogdoedvaldomagalhaes.com.br\/index.php\/wp-json\/wp\/v2\/users\/1"}],"replies":[{"embeddable":true,"href":"https:\/\/blogdoedvaldomagalhaes.com.br\/index.php\/wp-json\/wp\/v2\/comments?post=89022"}],"version-history":[{"count":1,"href":"https:\/\/blogdoedvaldomagalhaes.com.br\/index.php\/wp-json\/wp\/v2\/posts\/89022\/revisions"}],"predecessor-version":[{"id":89023,"href":"https:\/\/blogdoedvaldomagalhaes.com.br\/index.php\/wp-json\/wp\/v2\/posts\/89022\/revisions\/89023"}],"wp:featuredmedia":[{"embeddable":true,"href":"https:\/\/blogdoedvaldomagalhaes.com.br\/index.php\/wp-json\/wp\/v2\/media\/87464"}],"wp:attachment":[{"href":"https:\/\/blogdoedvaldomagalhaes.com.br\/index.php\/wp-json\/wp\/v2\/media?parent=89022"}],"wp:term":[{"taxonomy":"category","embeddable":true,"href":"https:\/\/blogdoedvaldomagalhaes.com.br\/index.php\/wp-json\/wp\/v2\/categories?post=89022"},{"taxonomy":"post_tag","embeddable":true,"href":"https:\/\/blogdoedvaldomagalhaes.com.br\/index.php\/wp-json\/wp\/v2\/tags?post=89022"}],"curies":[{"name":"wp","href":"https:\/\/api.w.org\/{rel}","templated":true}]}}