{"id":8902,"date":"2016-07-23T11:10:00","date_gmt":"2016-07-23T14:10:00","guid":{"rendered":"http:\/\/blogdoedvaldomagalhaes.com.br\/index.php\/2016\/07\/23\/criminosos-explodem-agencia-bancaria-e-2\/"},"modified":"2019-02-09T00:51:53","modified_gmt":"2019-02-09T02:51:53","slug":"criminosos-explodem-agencia-bancaria-e-2","status":"publish","type":"post","link":"https:\/\/blogdoedvaldomagalhaes.com.br\/index.php\/2016\/07\/23\/criminosos-explodem-agencia-bancaria-e-2\/","title":{"rendered":"Criminosos explodem ag\u00eancia banc\u00e1ria em Passira"},"content":{"rendered":"<div style=\"text-align: justify;\">\nUma ag\u00eancia banc\u00e1ria foi atacada na<br \/>\nmadrugada deste s\u00e1bado (23), na cidade de Passira, Agreste de<br \/>\nPernambuco. Cerca de 20 homens fortemente armados explodiram os caixas<br \/>\neletr\u00f4nicos do Banco do Brasil.<\/div>\n<div style=\"text-align: justify;\">\n<\/p>\n<div class=\"separator\" style=\"clear: both; text-align: center;\">\n<a href=\"https:\/\/2.bp.blogspot.com\/-k409TkfZr5M\/V5NQhdH84sI\/AAAAAAAACws\/1RgH9PzbXwcsUoffNLH6gliMrNlQNW_RwCLcB\/s1600\/explos%25C3%25A3o.jpg\" imageanchor=\"1\" style=\"margin-left: 1em; margin-right: 1em;\"><img loading=\"lazy\" decoding=\"async\" border=\"0\" height=\"400\" src=\"http:\/\/blogdoedvaldomagalhaes.com.br\/wp-content\/uploads\/2016\/07\/explosC3A3o.jpg\" width=\"346\" \/><\/a><\/div>\n<\/div>\n<div style=\"text-align: justify;\">\n&nbsp;&nbsp;&nbsp;&nbsp;&nbsp;&nbsp;&nbsp;&nbsp;&nbsp;&nbsp;&nbsp;&nbsp;&nbsp;&nbsp;&nbsp;&nbsp;&nbsp;&nbsp;&nbsp;&nbsp;&nbsp;&nbsp;&nbsp;&nbsp;&nbsp;&nbsp;&nbsp;&nbsp;&nbsp;&nbsp;&nbsp;&nbsp;&nbsp;&nbsp;&nbsp;&nbsp;&nbsp;&nbsp;&nbsp;&nbsp;&nbsp;&nbsp;&nbsp;&nbsp;&nbsp;&nbsp;&nbsp;&nbsp;&nbsp;&nbsp;&nbsp;&nbsp;&nbsp;&nbsp;&nbsp;&nbsp;&nbsp; Foto: TV Passira<\/div>\n<div style=\"text-align: justify;\">\n<\/div>\n<div style=\"text-align: justify;\">\nOs moradores acordaram assustados com os tiros e as explos\u00f5es. O pr\u00e9dio ficou destru\u00eddo.<\/div>\n<div style=\"text-align: justify;\">\n<\/div>\n<div style=\"text-align: justify;\">\nOs bandidos tamb\u00e9m efetuaram disparos<br \/>\ncontra o Destacamento da Pol\u00edcia Militar. Ainda n\u00e3o h\u00e1 informa\u00e7\u00f5es sobre<br \/>\n quantia levada pela quadrilha.<\/div>\n<div style=\"text-align: justify;\">\n<\/div>\n<div style=\"text-align: justify;\">\nA cidade de Passira fica no Agreste Setentrional, pr\u00f3ximo de Limoeiro, a 100 km do Recife.<\/div>\n","protected":false},"excerpt":{"rendered":"<p>Uma ag\u00eancia banc\u00e1ria foi atacada na madrugada deste s\u00e1bado (23), na cidade de Passira, Agreste de Pernambuco. Cerca de 20&hellip;<\/p>\n","protected":false},"author":1,"featured_media":0,"comment_status":"open","ping_status":"open","sticky":false,"template":"","format":"standard","meta":{"footnotes":""},"categories":[1],"tags":[13362,2,13363,6655,6173,3983,13364],"class_list":["post-8902","post","type-post","status-publish","format-standard","hentry","category-sem-categoria","tag-agreste-setentrional","tag-blog-do-edvaldo-magalhaes","tag-criminosos-explodem-agencia-bancaria-em-passira","tag-limoeiro","tag-policia-militar","tag-recife","tag-tv-passira"],"_links":{"self":[{"href":"https:\/\/blogdoedvaldomagalhaes.com.br\/index.php\/wp-json\/wp\/v2\/posts\/8902","targetHints":{"allow":["GET"]}}],"collection":[{"href":"https:\/\/blogdoedvaldomagalhaes.com.br\/index.php\/wp-json\/wp\/v2\/posts"}],"about":[{"href":"https:\/\/blogdoedvaldomagalhaes.com.br\/index.php\/wp-json\/wp\/v2\/types\/post"}],"author":[{"embeddable":true,"href":"https:\/\/blogdoedvaldomagalhaes.com.br\/index.php\/wp-json\/wp\/v2\/users\/1"}],"replies":[{"embeddable":true,"href":"https:\/\/blogdoedvaldomagalhaes.com.br\/index.php\/wp-json\/wp\/v2\/comments?post=8902"}],"version-history":[{"count":1,"href":"https:\/\/blogdoedvaldomagalhaes.com.br\/index.php\/wp-json\/wp\/v2\/posts\/8902\/revisions"}],"predecessor-version":[{"id":10541,"href":"https:\/\/blogdoedvaldomagalhaes.com.br\/index.php\/wp-json\/wp\/v2\/posts\/8902\/revisions\/10541"}],"wp:attachment":[{"href":"https:\/\/blogdoedvaldomagalhaes.com.br\/index.php\/wp-json\/wp\/v2\/media?parent=8902"}],"wp:term":[{"taxonomy":"category","embeddable":true,"href":"https:\/\/blogdoedvaldomagalhaes.com.br\/index.php\/wp-json\/wp\/v2\/categories?post=8902"},{"taxonomy":"post_tag","embeddable":true,"href":"https:\/\/blogdoedvaldomagalhaes.com.br\/index.php\/wp-json\/wp\/v2\/tags?post=8902"}],"curies":[{"name":"wp","href":"https:\/\/api.w.org\/{rel}","templated":true}]}}