{"id":89019,"date":"2022-10-17T17:25:22","date_gmt":"2022-10-17T20:25:22","guid":{"rendered":"https:\/\/blogdoedvaldomagalhaes.com.br\/?p=89019"},"modified":"2022-10-17T17:25:24","modified_gmt":"2022-10-17T20:25:24","slug":"criancas-e-adolescentes-de-bairros-do-recife-em-situacao-de-vulnerabilidade-social-vao-para-sessao-de-cinema-na-19a-semana-da-crianca-abrasel-pe","status":"publish","type":"post","link":"https:\/\/blogdoedvaldomagalhaes.com.br\/index.php\/2022\/10\/17\/criancas-e-adolescentes-de-bairros-do-recife-em-situacao-de-vulnerabilidade-social-vao-para-sessao-de-cinema-na-19a-semana-da-crianca-abrasel-pe\/","title":{"rendered":"Crian\u00e7as e adolescentes de Bairros do Recife em situa\u00e7\u00e3o de vulnerabilidade social v\u00e3o para sess\u00e3o de cinema na 19\u00aa Semana da Crian\u00e7a Abrasel PE"},"content":{"rendered":"<p style=\"text-align: justify;\"><span style=\"font-weight: 400;\">Durante o m\u00eas de outubro, m\u00eas dedicado \u00e0s crian\u00e7as e adolescentes, a Associa\u00e7\u00e3o Brasileira de Bares e Restaurantes (Abrasel) no Brasil, promove o projeto intitulado Semana da Crian\u00e7a j\u00e1 em sua 19\u00aa edi\u00e7\u00e3o. Os restaurantes abrem suas portas gratuitamente para servir seus pratos aos meninos e meninas em situa\u00e7\u00e3o de vulnerabilidade social em todo o pa\u00eds.<\/span><\/p>\n<p style=\"text-align: justify;\"><span style=\"font-weight: 400;\">De 17 a 21 de outubro, na Grande Recife, os restaurantes associados a Abrasel PE promovem a Semana da Crian\u00e7a em um ato beneficente proporcionando cidadania e acessos a ambientes n\u00e3o frequentados pelo p\u00fablico infanto-juvenil em situa\u00e7\u00e3o de pobreza, tendo experi\u00eancia gastron\u00f4mica e de lazer, promovendo uma grande integra\u00e7\u00e3o e inclus\u00e3o social.<\/span><\/p>\n<p style=\"text-align: justify;\"><span style=\"font-weight: 400;\">Nesta quinta-feira, 20 de outubro, centenas de crian\u00e7as e adolescentes, na faixa et\u00e1ria de 6 e 14 anos assistidas pelo Centro Comunit\u00e1rio de Assist\u00eancia Social da Legi\u00e3o da Boa Vontade (LBV) nos Coelhos, ser\u00e3o levadas pela Abrasel PE ao cinema no Shopping Rio Mar para assistir ao filme \u201cO Lend\u00e1rio C\u00e3o Guerreiro\u201d, ser\u00e1 um dia de muita divers\u00e3o direito a pipoca e lanche para garotada.<\/span><\/p>\n<p style=\"text-align: justify;\"><span style=\"font-weight: 400;\">Uma estat\u00edstica que mexe com os cora\u00e7\u00f5es 70% das 200 crian\u00e7as e adolescentes assistidas pelos servi\u00e7os oferecidos pela LBV nos Coelhos, nunca foram a um cinema e ser\u00e1 o primeiro contato com o mundo das telonas. Os bairros que circundam a Unidade da Institui\u00e7\u00e3o Social t\u00eam a caracter\u00edstica dos lares serem chefiados por mulheres e que ganham \u00bd sal\u00e1rio m\u00ednimo, s\u00e3o cerca de 56 por cento desse p\u00fablico, que sustentam suas fam\u00edlias, por isso, o n\u00e3o acesso dos pequeninos os lugares de lazer.<\/span><\/p>\n<p style=\"text-align: justify;\"><span style=\"font-weight: 400;\">O presidente da Abrasel em Pernambuco, reitera a import\u00e2ncia da a\u00e7\u00e3o, \u201cal\u00e9m de comemorar um dia t\u00e3o especial quanto o Dia das Crian\u00e7as, a iniciativa \u00e9 inserir esses meninos e meninas na vida sociocultural do Estado, soma benef\u00edcios ligados ao crescimento e desenvolvimento deles quanto cidad\u00e3os\u201d, afirma Tony Sousa.\u00a0<\/span><\/p>\n","protected":false},"excerpt":{"rendered":"<p>Durante o m\u00eas de outubro, m\u00eas dedicado \u00e0s crian\u00e7as e adolescentes, a Associa\u00e7\u00e3o Brasileira de Bares e Restaurantes (Abrasel) no&hellip;<\/p>\n","protected":false},"author":1,"featured_media":89020,"comment_status":"closed","ping_status":"open","sticky":false,"template":"","format":"standard","meta":{"footnotes":""},"categories":[14120],"tags":[2,19532,3406,25854],"class_list":["post-89019","post","type-post","status-publish","format-standard","has-post-thumbnail","hentry","category-noticias","tag-blog-do-edvaldo-magalhaes","tag-blog-mais-acessado-e-visualizado-de-caruaru-e-regiao","tag-caruaru","tag-criancas-e-adolescentes-de-bairros-do-recife-em-situacao-de-vulnerabilidade-social-vao-para-sessao-de-cinema-na-19a-semana-da-crianca-abrasel-pe"],"_links":{"self":[{"href":"https:\/\/blogdoedvaldomagalhaes.com.br\/index.php\/wp-json\/wp\/v2\/posts\/89019","targetHints":{"allow":["GET"]}}],"collection":[{"href":"https:\/\/blogdoedvaldomagalhaes.com.br\/index.php\/wp-json\/wp\/v2\/posts"}],"about":[{"href":"https:\/\/blogdoedvaldomagalhaes.com.br\/index.php\/wp-json\/wp\/v2\/types\/post"}],"author":[{"embeddable":true,"href":"https:\/\/blogdoedvaldomagalhaes.com.br\/index.php\/wp-json\/wp\/v2\/users\/1"}],"replies":[{"embeddable":true,"href":"https:\/\/blogdoedvaldomagalhaes.com.br\/index.php\/wp-json\/wp\/v2\/comments?post=89019"}],"version-history":[{"count":1,"href":"https:\/\/blogdoedvaldomagalhaes.com.br\/index.php\/wp-json\/wp\/v2\/posts\/89019\/revisions"}],"predecessor-version":[{"id":89021,"href":"https:\/\/blogdoedvaldomagalhaes.com.br\/index.php\/wp-json\/wp\/v2\/posts\/89019\/revisions\/89021"}],"wp:featuredmedia":[{"embeddable":true,"href":"https:\/\/blogdoedvaldomagalhaes.com.br\/index.php\/wp-json\/wp\/v2\/media\/89020"}],"wp:attachment":[{"href":"https:\/\/blogdoedvaldomagalhaes.com.br\/index.php\/wp-json\/wp\/v2\/media?parent=89019"}],"wp:term":[{"taxonomy":"category","embeddable":true,"href":"https:\/\/blogdoedvaldomagalhaes.com.br\/index.php\/wp-json\/wp\/v2\/categories?post=89019"},{"taxonomy":"post_tag","embeddable":true,"href":"https:\/\/blogdoedvaldomagalhaes.com.br\/index.php\/wp-json\/wp\/v2\/tags?post=89019"}],"curies":[{"name":"wp","href":"https:\/\/api.w.org\/{rel}","templated":true}]}}