{"id":89011,"date":"2022-10-16T13:48:19","date_gmt":"2022-10-16T16:48:19","guid":{"rendered":"https:\/\/blogdoedvaldomagalhaes.com.br\/?p=89011"},"modified":"2022-10-16T13:55:44","modified_gmt":"2022-10-16T16:55:44","slug":"vereador-cabo-cardoso-confirma-apoio-a-raquel-e-reafirma-apoio-a-bolsonaro-no-2-turno","status":"publish","type":"post","link":"https:\/\/blogdoedvaldomagalhaes.com.br\/index.php\/2022\/10\/16\/vereador-cabo-cardoso-confirma-apoio-a-raquel-e-reafirma-apoio-a-bolsonaro-no-2-turno\/","title":{"rendered":"Vereador Cabo Cardoso confirma apoio a Raquel e reafirma apoio a Bolsonaro no 2\u00b0 turno"},"content":{"rendered":"<p style=\"text-align: justify;\">Atualmente integrando a base do governo municipal, o vereador Cabo Cardoso (PP), que sempre foi um Bolsonarista declarado inclusive defende o governo Federal na Casa Jornalista Jos\u00e9 Carlos Flor\u00eancio, Cabo Cardoso aliado do prefeito de Caruaru, Rodrigo Pinheiro, fez quest\u00e3o de declarar o apoio a candidata Raquel Lyra ao governo do Estado.<\/p>\n<p style=\"text-align: justify;\">Segundo o parlamentar &#8220;Raquel Lyra \u00e9 melhor para Pernambuco, \u00e9 muito melhor para Caruaru, vamos inclusive continuar ajudando o prefeito Rodrigo Pinheiro, Cabo Cardoso vota Raquel Lyra para governadora e Bolsonaro para presidente&#8221;, afirmou Cabo Cardoso. Foto do vereador Cabo Cardoso ao lado da esposa: Divulga\u00e7\u00e3o.<\/p>\n<p style=\"text-align: justify;\">Se inscreva no canal do Blog do Edvaldo Magalh\u00e3es no YouTube e siga no Instagram.<\/p>\n","protected":false},"excerpt":{"rendered":"<p>Atualmente integrando a base do governo municipal, o vereador Cabo Cardoso (PP), que sempre foi um Bolsonarista declarado inclusive defende&hellip;<\/p>\n","protected":false},"author":1,"featured_media":89012,"comment_status":"closed","ping_status":"open","sticky":false,"template":"","format":"standard","meta":{"footnotes":""},"categories":[14122],"tags":[2,19532,3406,19613,20,25853],"class_list":["post-89011","post","type-post","status-publish","format-standard","has-post-thumbnail","hentry","category-politica","tag-blog-do-edvaldo-magalhaes","tag-blog-mais-acessado-e-visualizado-de-caruaru-e-regiao","tag-caruaru","tag-eleicoes","tag-politica","tag-vereador-cabo-cardoso-confirma-apoio-a-raquel-e-reafirma-apoio-a-bolsonaro-no-2-turno"],"_links":{"self":[{"href":"https:\/\/blogdoedvaldomagalhaes.com.br\/index.php\/wp-json\/wp\/v2\/posts\/89011","targetHints":{"allow":["GET"]}}],"collection":[{"href":"https:\/\/blogdoedvaldomagalhaes.com.br\/index.php\/wp-json\/wp\/v2\/posts"}],"about":[{"href":"https:\/\/blogdoedvaldomagalhaes.com.br\/index.php\/wp-json\/wp\/v2\/types\/post"}],"author":[{"embeddable":true,"href":"https:\/\/blogdoedvaldomagalhaes.com.br\/index.php\/wp-json\/wp\/v2\/users\/1"}],"replies":[{"embeddable":true,"href":"https:\/\/blogdoedvaldomagalhaes.com.br\/index.php\/wp-json\/wp\/v2\/comments?post=89011"}],"version-history":[{"count":2,"href":"https:\/\/blogdoedvaldomagalhaes.com.br\/index.php\/wp-json\/wp\/v2\/posts\/89011\/revisions"}],"predecessor-version":[{"id":89014,"href":"https:\/\/blogdoedvaldomagalhaes.com.br\/index.php\/wp-json\/wp\/v2\/posts\/89011\/revisions\/89014"}],"wp:featuredmedia":[{"embeddable":true,"href":"https:\/\/blogdoedvaldomagalhaes.com.br\/index.php\/wp-json\/wp\/v2\/media\/89012"}],"wp:attachment":[{"href":"https:\/\/blogdoedvaldomagalhaes.com.br\/index.php\/wp-json\/wp\/v2\/media?parent=89011"}],"wp:term":[{"taxonomy":"category","embeddable":true,"href":"https:\/\/blogdoedvaldomagalhaes.com.br\/index.php\/wp-json\/wp\/v2\/categories?post=89011"},{"taxonomy":"post_tag","embeddable":true,"href":"https:\/\/blogdoedvaldomagalhaes.com.br\/index.php\/wp-json\/wp\/v2\/tags?post=89011"}],"curies":[{"name":"wp","href":"https:\/\/api.w.org\/{rel}","templated":true}]}}