{"id":89008,"date":"2022-10-16T13:01:54","date_gmt":"2022-10-16T16:01:54","guid":{"rendered":"https:\/\/blogdoedvaldomagalhaes.com.br\/?p=89008"},"modified":"2022-10-16T14:17:17","modified_gmt":"2022-10-16T17:17:17","slug":"raquel-lyra-e-priscila-krause-reunem-apoiadores-em-caruaru","status":"publish","type":"post","link":"https:\/\/blogdoedvaldomagalhaes.com.br\/index.php\/2022\/10\/16\/raquel-lyra-e-priscila-krause-reunem-apoiadores-em-caruaru\/","title":{"rendered":"Raquel Lyra e Priscila Krause re\u00fanem apoiadores em Caruaru"},"content":{"rendered":"<p style=\"text-align: justify;\"><span style=\"font-size: revert; color: initial;\">Milhares de pessoas de todas as regi\u00f5es de Pernambuco se reuniram, neste domingo (16), na Arena Caruaru, numa demonstra\u00e7\u00e3o de for\u00e7a absoluta da candidata Raquel Lyra ao Governo do Estado. L\u00edder nas pesquisas, Raquel deixou claro mais uma vez que o seu projeto une Pernambuco, colocando o estado no centro do debate em um palanque amplo e plural.<\/span><\/p>\n<p style=\"text-align: justify;\">O evento &#8216;Pernambuco de Cora\u00e7\u00e3o&#8217; contou com a participa\u00e7\u00e3o de deputados, prefeitos, vereadores e lideran\u00e7as de todo o estado, com mandato ou sem mandato, al\u00e9m de milhares de pernambucanas e pernambucanos que sa\u00edram de casa em pleno domingo para ouvir Raquel Lyra governadora e Priscila Krause vice-governadora.<\/p>\n<p style=\"text-align: justify;\">Emocionada, na cidade que governou por dois mandatos, Raquel agradeceu os in\u00fameros apoios que vem recebendo neste segundo turno e falou da sua miss\u00e3o por Pernambuco.<\/p>\n<p style=\"text-align: justify;\">\u201cNosso principal desafio \u00e9 unir Pernambuco, n\u00e3o enxergar o que nos separa e, sim, o que nos une. N\u00e3o me escorei em padrinho pol\u00edtico, mas me preparei para cada cargo que ocupei. E aqui, nesse ch\u00e3o, tive a oportunidade de mudar a vida das pessoas a partir do nosso trabalho\u201d, afirmou.<\/p>\n<p style=\"text-align: justify;\">\u201cA mudan\u00e7a que a gente fez em Caruaru, podemos fazer em Pernambuco. Nosso estado n\u00e3o tem dono. Eu quero ser a governadora que vai unir Pernambuco. N\u00e3o d\u00e1, para no pior momento da nossa hist\u00f3ria, levantar muros. Esse \u00e9 o momento de construir pontes\u201d, acrescentou Raquel.<\/p>\n<p style=\"text-align: justify;\">A candidata a vice-governadora, Priscila Krause, destacou que o evento tem o significado de unir Pernambuco. \u201cEsse \u00e9 o palanque que representa a mudan\u00e7a, n\u00e3o agora, mas desde sempre. Aqui temos espa\u00e7o para aqueles que querem construir um Pernambuco melhor para cada cidad\u00e3o. Quem vota em Lula tamb\u00e9m pode votar em Raquel. Quem vota em Bolsonaro tamb\u00e9m pode votar em Raquel. E quem tem Pernambuco no cora\u00e7\u00e3o s\u00f3 pode votar em Raquel\u201d, cravou Priscila.<\/p>\n<p style=\"text-align: justify;\">O presidente nacional do PSDB, Bruno Ara\u00fajo, disse que o voto 45 \u00e9 pela verdadeira mudan\u00e7a de Pernambuco. \u201cEsse \u00e9 um encontro fundamental para o futuro de Pernambuco. Raquel e Priscila lideram um projeto de esperan\u00e7a para o nosso estado. \u00c9 na for\u00e7a dessas mulheres que entregamos a nossa esperan\u00e7a por mais oportunidades, por um lugar mais justo e melhor de se viver\u201d, destacou.<\/p>\n<p style=\"text-align: justify;\"><strong>Presen\u00e7as<\/strong> &#8211; A for\u00e7a pol\u00edtica da candidatura de Raquel ficou representada pela Arena Caruaru lotada e tamb\u00e9m pela presen\u00e7a de deputados estaduais e federais, ex-governadores e ex-senadores, centenas de vereadores, al\u00e9m de mais de 100 prefeitos de todas as regi\u00f5es, a exemplo do prefeito de Olinda, Professor Lupercio (Regi\u00e3o Metropolitana); do prefeito de Vit\u00f3ria de Santo Ant\u00e3o, Paulo Roberto (Zona da Mata); do prefeito de Caruaru, Rodrigo Pinheiro (Agreste), e da prefeita de Serra Talhada, M\u00e1rcia Conrado (Sert\u00e3o). Os partidos tamb\u00e9m estiveram representados pelas lideran\u00e7as que participaram, a exemplo do PSDB, Cidadania, MDB, Podemos, PRTB, PSC, PP, PSB, PT, PL e Republicanos, dentre outras.<\/p>\n\n\n<figure class=\"wp-block-image size-full is-resized\"><img loading=\"lazy\" decoding=\"async\" src=\"https:\/\/blogdoedvaldomagalhaes.com.br\/wp-content\/uploads\/2022\/10\/IMG-20221016-WA0090.jpg\" alt=\"\" class=\"wp-image-89016\" width=\"349\" height=\"232\" srcset=\"https:\/\/blogdoedvaldomagalhaes.com.br\/wp-content\/uploads\/2022\/10\/IMG-20221016-WA0090.jpg 1024w, https:\/\/blogdoedvaldomagalhaes.com.br\/wp-content\/uploads\/2022\/10\/IMG-20221016-WA0090-300x200.jpg 300w, https:\/\/blogdoedvaldomagalhaes.com.br\/wp-content\/uploads\/2022\/10\/IMG-20221016-WA0090-768x512.jpg 768w\" sizes=\"auto, (max-width: 349px) 100vw, 349px\" \/><figcaption>Fotos: Jana\u00edna Pepeu e Am\u00e9rico Nunes <\/figcaption><\/figure>\n","protected":false},"excerpt":{"rendered":"<p>Milhares de pessoas de todas as regi\u00f5es de Pernambuco se reuniram, neste domingo (16), na Arena Caruaru, numa demonstra\u00e7\u00e3o de&hellip;<\/p>\n","protected":false},"author":1,"featured_media":89009,"comment_status":"closed","ping_status":"open","sticky":false,"template":"","format":"standard","meta":{"footnotes":""},"categories":[14122],"tags":[2,19532,3406,19613,20,25852],"class_list":["post-89008","post","type-post","status-publish","format-standard","has-post-thumbnail","hentry","category-politica","tag-blog-do-edvaldo-magalhaes","tag-blog-mais-acessado-e-visualizado-de-caruaru-e-regiao","tag-caruaru","tag-eleicoes","tag-politica","tag-raquel-lyra-e-priscila-krause-reunem-apoiadores-em-caruaru"],"_links":{"self":[{"href":"https:\/\/blogdoedvaldomagalhaes.com.br\/index.php\/wp-json\/wp\/v2\/posts\/89008","targetHints":{"allow":["GET"]}}],"collection":[{"href":"https:\/\/blogdoedvaldomagalhaes.com.br\/index.php\/wp-json\/wp\/v2\/posts"}],"about":[{"href":"https:\/\/blogdoedvaldomagalhaes.com.br\/index.php\/wp-json\/wp\/v2\/types\/post"}],"author":[{"embeddable":true,"href":"https:\/\/blogdoedvaldomagalhaes.com.br\/index.php\/wp-json\/wp\/v2\/users\/1"}],"replies":[{"embeddable":true,"href":"https:\/\/blogdoedvaldomagalhaes.com.br\/index.php\/wp-json\/wp\/v2\/comments?post=89008"}],"version-history":[{"count":2,"href":"https:\/\/blogdoedvaldomagalhaes.com.br\/index.php\/wp-json\/wp\/v2\/posts\/89008\/revisions"}],"predecessor-version":[{"id":89017,"href":"https:\/\/blogdoedvaldomagalhaes.com.br\/index.php\/wp-json\/wp\/v2\/posts\/89008\/revisions\/89017"}],"wp:featuredmedia":[{"embeddable":true,"href":"https:\/\/blogdoedvaldomagalhaes.com.br\/index.php\/wp-json\/wp\/v2\/media\/89009"}],"wp:attachment":[{"href":"https:\/\/blogdoedvaldomagalhaes.com.br\/index.php\/wp-json\/wp\/v2\/media?parent=89008"}],"wp:term":[{"taxonomy":"category","embeddable":true,"href":"https:\/\/blogdoedvaldomagalhaes.com.br\/index.php\/wp-json\/wp\/v2\/categories?post=89008"},{"taxonomy":"post_tag","embeddable":true,"href":"https:\/\/blogdoedvaldomagalhaes.com.br\/index.php\/wp-json\/wp\/v2\/tags?post=89008"}],"curies":[{"name":"wp","href":"https:\/\/api.w.org\/{rel}","templated":true}]}}