{"id":89005,"date":"2022-10-16T10:09:26","date_gmt":"2022-10-16T13:09:26","guid":{"rendered":"https:\/\/blogdoedvaldomagalhaes.com.br\/?p=89005"},"modified":"2022-10-16T10:09:27","modified_gmt":"2022-10-16T13:09:27","slug":"recem-nascido-que-estava-engasgado-e-salvo-pela-prf","status":"publish","type":"post","link":"https:\/\/blogdoedvaldomagalhaes.com.br\/index.php\/2022\/10\/16\/recem-nascido-que-estava-engasgado-e-salvo-pela-prf\/","title":{"rendered":"Rec\u00e9m-nascido que estava engasgado \u00e9 salvo pela PRF"},"content":{"rendered":"<p style=\"text-align: justify;\"><span style=\"color: initial; font-size: revert;\">A fam\u00edlia de um beb\u00ea, de apenas cinco dias de vida, passou por um grande susto na manh\u00e3 deste s\u00e1bado (15). A m\u00e3e do rec\u00e9m-nascido estava amamentando, quando percebeu que o filho estava engasgado e saiu \u00e0s pressas para um hospital em Salgueiro, no Sert\u00e3o de Pernambuco. No caminho, policiais rodovi\u00e1rios federais perceberam que algo n\u00e3o estava bem e conseguiram reanimar o beb\u00ea a tempo.<\/span><\/p>\n<p style=\"text-align: justify;\">Policiais realizavam uma ronda na BR 116, quando avistaram um carro realizando manobras arriscadas e ultrapassando outros ve\u00edculos na rodovia. Ao abordarem o autom\u00f3vel, uma mulher desembarcou aos prantos pedindo ajuda, pois o filho n\u00e3o estava respirando e apresentava uma colora\u00e7\u00e3o roxa.<\/p>\n<p style=\"text-align: justify;\">Rapidamente, a equipe segurou o beb\u00ea e realizou um procedimento de reanima\u00e7\u00e3o conhecido como &#8220;manobra de Heimlich&#8221;. Ap\u00f3s quatro tentativas, o rec\u00e9m-nascido tossiu e desengasgou, voltando a respirar.<\/p>\n<p style=\"text-align: justify;\">Em seguida, um m\u00e9dico que passava pela rodovia examinou o beb\u00ea e disse que ele estava fora de perigo, mas recomendou o encaminhamento a um hospital para avalia\u00e7\u00e3o. O rec\u00e9m-nascido foi conduzido em seguran\u00e7a at\u00e9 uma emerg\u00eancia pedi\u00e1trica, onde recebeu atendimento da equipe de sa\u00fade. Foto: Divulga\u00e7\u00e3o.<\/p>\n<p style=\"text-align: justify;\">Se inscreva no canal do Blog do Edvaldo Magalh\u00e3es no YouTube e siga no Instagram.<\/p>\n","protected":false},"excerpt":{"rendered":"<p>A fam\u00edlia de um beb\u00ea, de apenas cinco dias de vida, passou por um grande susto na manh\u00e3 deste s\u00e1bado&hellip;<\/p>\n","protected":false},"author":1,"featured_media":89006,"comment_status":"closed","ping_status":"open","sticky":false,"template":"","format":"standard","meta":{"footnotes":""},"categories":[14120],"tags":[2,19532,3406,25851],"class_list":["post-89005","post","type-post","status-publish","format-standard","has-post-thumbnail","hentry","category-noticias","tag-blog-do-edvaldo-magalhaes","tag-blog-mais-acessado-e-visualizado-de-caruaru-e-regiao","tag-caruaru","tag-recem-nascido-que-estava-engasgado-e-salvo-pela-prf"],"_links":{"self":[{"href":"https:\/\/blogdoedvaldomagalhaes.com.br\/index.php\/wp-json\/wp\/v2\/posts\/89005","targetHints":{"allow":["GET"]}}],"collection":[{"href":"https:\/\/blogdoedvaldomagalhaes.com.br\/index.php\/wp-json\/wp\/v2\/posts"}],"about":[{"href":"https:\/\/blogdoedvaldomagalhaes.com.br\/index.php\/wp-json\/wp\/v2\/types\/post"}],"author":[{"embeddable":true,"href":"https:\/\/blogdoedvaldomagalhaes.com.br\/index.php\/wp-json\/wp\/v2\/users\/1"}],"replies":[{"embeddable":true,"href":"https:\/\/blogdoedvaldomagalhaes.com.br\/index.php\/wp-json\/wp\/v2\/comments?post=89005"}],"version-history":[{"count":1,"href":"https:\/\/blogdoedvaldomagalhaes.com.br\/index.php\/wp-json\/wp\/v2\/posts\/89005\/revisions"}],"predecessor-version":[{"id":89007,"href":"https:\/\/blogdoedvaldomagalhaes.com.br\/index.php\/wp-json\/wp\/v2\/posts\/89005\/revisions\/89007"}],"wp:featuredmedia":[{"embeddable":true,"href":"https:\/\/blogdoedvaldomagalhaes.com.br\/index.php\/wp-json\/wp\/v2\/media\/89006"}],"wp:attachment":[{"href":"https:\/\/blogdoedvaldomagalhaes.com.br\/index.php\/wp-json\/wp\/v2\/media?parent=89005"}],"wp:term":[{"taxonomy":"category","embeddable":true,"href":"https:\/\/blogdoedvaldomagalhaes.com.br\/index.php\/wp-json\/wp\/v2\/categories?post=89005"},{"taxonomy":"post_tag","embeddable":true,"href":"https:\/\/blogdoedvaldomagalhaes.com.br\/index.php\/wp-json\/wp\/v2\/tags?post=89005"}],"curies":[{"name":"wp","href":"https:\/\/api.w.org\/{rel}","templated":true}]}}