{"id":89002,"date":"2022-10-15T20:23:25","date_gmt":"2022-10-15T23:23:25","guid":{"rendered":"https:\/\/blogdoedvaldomagalhaes.com.br\/?p=89002"},"modified":"2022-10-15T20:24:38","modified_gmt":"2022-10-15T23:24:38","slug":"assaltantes-tomam-carro-em-gravata-e-sao-presos-em-caruaru","status":"publish","type":"post","link":"https:\/\/blogdoedvaldomagalhaes.com.br\/index.php\/2022\/10\/15\/assaltantes-tomam-carro-em-gravata-e-sao-presos-em-caruaru\/","title":{"rendered":"Assaltantes tomam carro em Gravat\u00e1, e s\u00e3o presos em Caruaru"},"content":{"rendered":"<p style=\"text-align: justify;\">Por volta das 20h30 dessa sexta-feira (15), o efetivo: GE4102 e 4103 do 1\u00ba BIEsp, recebeu informa\u00e7\u00f5es que um ve\u00edculo Fiat Toro de cor vinho e placas PDT-1353, havia sido roubado por alguns indiv\u00edduos na cidade de Gravat\u00e1, e estavam se dirigindo a Caruaru.<\/p>\n<p style=\"text-align: justify;\">A pol\u00edcia fez um bloqueio em frente ao posto da PRF na BR-232, o ve\u00edculo foi visualizado e iniciado um acompanhamento. A pol\u00edcia solicitou por meio de sinais sonoros e luminosos, que os indiv\u00edduos parassem o ve\u00edculo no acostamento, eles s\u00f3 pararam pr\u00f3ximo \u00e0 entrada da via local da BR-104. Ao desembarcarem, assumiram que realizaram o assalto na cidade de Gravat\u00e1 e que a arma de fogo utilizada estaria embaixo do banco.<\/p>\n<p style=\"text-align: justify;\">Diante da situa\u00e7\u00e3o, os indiv\u00edduos foram conduzidos juntamente com os materiais apreendidos at\u00e9 a Delegacia de Plant\u00e3o, para serem tomadas as medidas cab\u00edveis, onde foram confeccionados um Auto de Pris\u00e3o e Flagrante Delito contra o Ro Concei\u00e7\u00e3o Yghor Azevedo da Costa, de 24 anos por roubo, corrup\u00e7\u00e3o de menor e porte ilegal de arma de fogo, ele passou a noite na carceragem, j\u00e1 contra os dois adolescentes foram lavrados dois AAFAIs. Foto: Divulga\u00e7\u00e3o\/PMPE.<\/p>\n<p style=\"text-align: justify;\">Se inscreva no canal do Blog do Edvaldo Magalh\u00e3es no YouTube e siga no Instagram.<\/p>\n","protected":false},"excerpt":{"rendered":"<p>Por volta das 20h30 dessa sexta-feira (15), o efetivo: GE4102 e 4103 do 1\u00ba BIEsp, recebeu informa\u00e7\u00f5es que um ve\u00edculo&hellip;<\/p>\n","protected":false},"author":1,"featured_media":89003,"comment_status":"closed","ping_status":"open","sticky":false,"template":"","format":"standard","meta":{"footnotes":""},"categories":[14121],"tags":[25850,2,19532,3406],"class_list":["post-89002","post","type-post","status-publish","format-standard","has-post-thumbnail","hentry","category-policial","tag-assaltantes-tomam-carro-em-gravata-e-sao-presos-em-caruaru","tag-blog-do-edvaldo-magalhaes","tag-blog-mais-acessado-e-visualizado-de-caruaru-e-regiao","tag-caruaru"],"_links":{"self":[{"href":"https:\/\/blogdoedvaldomagalhaes.com.br\/index.php\/wp-json\/wp\/v2\/posts\/89002","targetHints":{"allow":["GET"]}}],"collection":[{"href":"https:\/\/blogdoedvaldomagalhaes.com.br\/index.php\/wp-json\/wp\/v2\/posts"}],"about":[{"href":"https:\/\/blogdoedvaldomagalhaes.com.br\/index.php\/wp-json\/wp\/v2\/types\/post"}],"author":[{"embeddable":true,"href":"https:\/\/blogdoedvaldomagalhaes.com.br\/index.php\/wp-json\/wp\/v2\/users\/1"}],"replies":[{"embeddable":true,"href":"https:\/\/blogdoedvaldomagalhaes.com.br\/index.php\/wp-json\/wp\/v2\/comments?post=89002"}],"version-history":[{"count":1,"href":"https:\/\/blogdoedvaldomagalhaes.com.br\/index.php\/wp-json\/wp\/v2\/posts\/89002\/revisions"}],"predecessor-version":[{"id":89004,"href":"https:\/\/blogdoedvaldomagalhaes.com.br\/index.php\/wp-json\/wp\/v2\/posts\/89002\/revisions\/89004"}],"wp:featuredmedia":[{"embeddable":true,"href":"https:\/\/blogdoedvaldomagalhaes.com.br\/index.php\/wp-json\/wp\/v2\/media\/89003"}],"wp:attachment":[{"href":"https:\/\/blogdoedvaldomagalhaes.com.br\/index.php\/wp-json\/wp\/v2\/media?parent=89002"}],"wp:term":[{"taxonomy":"category","embeddable":true,"href":"https:\/\/blogdoedvaldomagalhaes.com.br\/index.php\/wp-json\/wp\/v2\/categories?post=89002"},{"taxonomy":"post_tag","embeddable":true,"href":"https:\/\/blogdoedvaldomagalhaes.com.br\/index.php\/wp-json\/wp\/v2\/tags?post=89002"}],"curies":[{"name":"wp","href":"https:\/\/api.w.org\/{rel}","templated":true}]}}