{"id":88991,"date":"2022-10-15T17:33:24","date_gmt":"2022-10-15T20:33:24","guid":{"rendered":"https:\/\/blogdoedvaldomagalhaes.com.br\/?p=88991"},"modified":"2022-10-15T17:42:02","modified_gmt":"2022-10-15T20:42:02","slug":"o-dia-em-que-lula-ganhar-as-eleicoes-sera-o-mesmo-dia-em-que-marilia-vai-ganhar-em-pernambuco-e-ser-governadora-crava-lula-durante-ato-no-patio-do-carmo","status":"publish","type":"post","link":"https:\/\/blogdoedvaldomagalhaes.com.br\/index.php\/2022\/10\/15\/o-dia-em-que-lula-ganhar-as-eleicoes-sera-o-mesmo-dia-em-que-marilia-vai-ganhar-em-pernambuco-e-ser-governadora-crava-lula-durante-ato-no-patio-do-carmo\/","title":{"rendered":"&#8220;O dia em que Lula ganhar as elei\u00e7\u00f5es ser\u00e1 o mesmo dia em que Mar\u00edlia vai ganhar em Pernambuco e ser governadora&#8221;, crava Lula durante ato no P\u00e1tio do Carmo"},"content":{"rendered":"<p style=\"text-align: justify;\"><span style=\"font-size: revert; color: initial;\">Nessa sexta-feira (14), os candidatos Mar\u00edlia Arraes e Luiz In\u00e1cio Lula da Silva arrastaram milhares de pessoas pelas ruas do centro do Recife. Bandeiras vermelhas, do Brasil e de Pernambuco, fam\u00edlias, amigos e defensores da democracia, todos marcharam juntos, tendo em comum um \u00fanico objetivo: eleger Lula presidente e Mar\u00edlia governadora.<\/span><\/p>\n<p style=\"text-align: justify;\">Emocionado ao discursar em seu Estado natal, Lula foi enf\u00e1tico: &#8220;Mar\u00edlia, eu acho que Deus, de vez em quando, brinca com a gente. Era pra eu ter vencido as elei\u00e7\u00f5es no primeiro turno. Passei meses faltando pouco para ganhar, mas Deus falou para esperar Mar\u00edlia para fazer campanha. Estou aqui em Pernambuco e estou com Mar\u00edlia. Ficou claro: o dia em que Lula ganhar as elei\u00e7\u00f5es ser\u00e1 o dia em que Mar\u00edlia vai ganhar e ser governadora em Pernambuco&#8221;, disse o presidenci\u00e1vel do PT.<\/p>\n<p style=\"text-align: justify;\">Mar\u00edlia apresentou um discurso conciliador, propositivo e que prendeu a aten\u00e7\u00e3o de todos que estiveram no P\u00e1tio do Carmo. &#8220;Este momento da hist\u00f3ria do Brasil precisa de pessoas como o presidente Lula, que trabalhem para reconstruir nosso Pa\u00eds, que acabem com a fome, com as desigualdades e com tanta intoler\u00e2ncia. O que Lula quer fazer no Pa\u00eds \u00e9 o mesmo que n\u00f3s vamos fazer em Pernambuco&#8221;, afirmou.<\/p>\n<p style=\"text-align: justify;\">A candidata da coliga\u00e7\u00e3o PERNAMBUCO NA VEIA afirmou que as for\u00e7as da democracia est\u00e3o concentradas em seu palanque. &#8220;Estamos juntos para resistir ao fascismo e aos golpes que nosso povo est\u00e1 sofrendo. Neste momento que o Pa\u00eds est\u00e1 passando, \u00e9 de uma irresponsabilidade sem tamanho dizer que tanto faz. N\u00e3o \u00e9 aceit\u00e1vel n\u00e3o ter lado hoje em dia. Bolsonaro \u00e9 contra os pobres. \u00c9 por isso que aqui em Pernambuco n\u00f3s estamos unidos para isolar o \u00f3dio, o atraso e as for\u00e7as conservadoras que est\u00e3o tentando dizer o tanto faz. Nosso povo tem lado, e esse lado \u00e9 o do presidente Lula. \u00c9 o lado de Lula de Miguel Arraes&#8221;, alertou Mar\u00edlia Arraes.<\/p>\n<p style=\"text-align: justify;\">Por fim, Lula reiterou que em Pernambuco s\u00f3 h\u00e1 um palanque que realmente defende a democracia. &#8220;N\u00e3o conhe\u00e7o a advers\u00e1ria de Mar\u00edlia. O que eu sei \u00e9 que todas as pessoas ligadas a Bolsonaro est\u00e3o com ela, e todas as pessoas ligadas a mim est\u00e3o com Mar\u00edlia&#8221;, concluiu.<\/p>\n<p>Foto: Tiago Calazans\u00a0<\/p>\n\n\n<figure class=\"wp-block-image size-full\"><img loading=\"lazy\" decoding=\"async\" width=\"1024\" height=\"682\" src=\"https:\/\/blogdoedvaldomagalhaes.com.br\/wp-content\/uploads\/2022\/10\/IMG-20221015-WA0094.jpg\" alt=\"\" class=\"wp-image-88996\" srcset=\"https:\/\/blogdoedvaldomagalhaes.com.br\/wp-content\/uploads\/2022\/10\/IMG-20221015-WA0094.jpg 1024w, https:\/\/blogdoedvaldomagalhaes.com.br\/wp-content\/uploads\/2022\/10\/IMG-20221015-WA0094-300x200.jpg 300w, https:\/\/blogdoedvaldomagalhaes.com.br\/wp-content\/uploads\/2022\/10\/IMG-20221015-WA0094-768x512.jpg 768w\" sizes=\"auto, (max-width: 1024px) 100vw, 1024px\" \/><figcaption>Foto de Mar\u00edlia e Lula: L\u00e9o Caldas <\/figcaption><\/figure>\n\n\n<p style=\"text-align: justify;\"><span style=\"font-size: revert; color: initial;\">Mar\u00edlia Arraes recebeu um importante apoio do Agreste do Estado: Sivaldo Albino (PSB), prefeito de Garanhuns. Cayo Albino, jovem lideran\u00e7a pol\u00edtica da regi\u00e3o, tamb\u00e9m vai se somar ao palanque da coliga\u00e7\u00e3o PERNAMBUCO NA VEIA.<\/span><\/p>\n<p style=\"text-align: justify;\">Sivaldo apresentou uma s\u00e9rie de motivos para declarar voto em Mar\u00edlia, principalmente por ela ser a \u00fanica candidata que representa Lula em Pernambuco. &#8220;\u00c9 hora de renovar nosso compromisso com Lula e Pernambuco, alinhando as for\u00e7as pol\u00edticas do Estado e da nossa Garanhuns para fazer Lula presidente e Mar\u00edlia Arraes governadora&#8221;, afirma.<\/p>\n<p style=\"text-align: justify;\">&#8220;Estamos ao lado do povo e da Democracia. Estamos com Lula e Mar\u00edlia, pois em pol\u00edtica precisamos ter lado e declarar nosso voto&#8221;, finaliza Sivaldo.<\/p>","protected":false},"excerpt":{"rendered":"<p>Nessa sexta-feira (14), os candidatos Mar\u00edlia Arraes e Luiz In\u00e1cio Lula da Silva arrastaram milhares de pessoas pelas ruas do&hellip;<\/p>\n","protected":false},"author":1,"featured_media":88992,"comment_status":"closed","ping_status":"open","sticky":false,"template":"","format":"standard","meta":{"footnotes":""},"categories":[14122],"tags":[25849,2,19532,3406,19613,905],"class_list":["post-88991","post","type-post","status-publish","format-standard","has-post-thumbnail","hentry","category-politica","tag-o-dia-em-que-lula-ganhar-as-eleicoes-sera-o-mesmo-dia-em-que-marilia-vai-ganhar-em-pernambuco-e-ser-governadora-crava-lula-durante-ato-no-patio-do-carmo","tag-blog-do-edvaldo-magalhaes","tag-blog-mais-acessado-e-visualizado-de-caruaru-e-regiao","tag-caruaru","tag-eleicoes","tag-policia"],"_links":{"self":[{"href":"https:\/\/blogdoedvaldomagalhaes.com.br\/index.php\/wp-json\/wp\/v2\/posts\/88991","targetHints":{"allow":["GET"]}}],"collection":[{"href":"https:\/\/blogdoedvaldomagalhaes.com.br\/index.php\/wp-json\/wp\/v2\/posts"}],"about":[{"href":"https:\/\/blogdoedvaldomagalhaes.com.br\/index.php\/wp-json\/wp\/v2\/types\/post"}],"author":[{"embeddable":true,"href":"https:\/\/blogdoedvaldomagalhaes.com.br\/index.php\/wp-json\/wp\/v2\/users\/1"}],"replies":[{"embeddable":true,"href":"https:\/\/blogdoedvaldomagalhaes.com.br\/index.php\/wp-json\/wp\/v2\/comments?post=88991"}],"version-history":[{"count":4,"href":"https:\/\/blogdoedvaldomagalhaes.com.br\/index.php\/wp-json\/wp\/v2\/posts\/88991\/revisions"}],"predecessor-version":[{"id":89001,"href":"https:\/\/blogdoedvaldomagalhaes.com.br\/index.php\/wp-json\/wp\/v2\/posts\/88991\/revisions\/89001"}],"wp:featuredmedia":[{"embeddable":true,"href":"https:\/\/blogdoedvaldomagalhaes.com.br\/index.php\/wp-json\/wp\/v2\/media\/88992"}],"wp:attachment":[{"href":"https:\/\/blogdoedvaldomagalhaes.com.br\/index.php\/wp-json\/wp\/v2\/media?parent=88991"}],"wp:term":[{"taxonomy":"category","embeddable":true,"href":"https:\/\/blogdoedvaldomagalhaes.com.br\/index.php\/wp-json\/wp\/v2\/categories?post=88991"},{"taxonomy":"post_tag","embeddable":true,"href":"https:\/\/blogdoedvaldomagalhaes.com.br\/index.php\/wp-json\/wp\/v2\/tags?post=88991"}],"curies":[{"name":"wp","href":"https:\/\/api.w.org\/{rel}","templated":true}]}}