{"id":88984,"date":"2022-10-15T17:06:21","date_gmt":"2022-10-15T20:06:21","guid":{"rendered":"https:\/\/blogdoedvaldomagalhaes.com.br\/?p=88984"},"modified":"2022-10-15T17:17:55","modified_gmt":"2022-10-15T20:17:55","slug":"raquel-e-priscila-promovem-o-evento-pernambuco-de-coracao-em-caruaru-neste-domingo-16","status":"publish","type":"post","link":"https:\/\/blogdoedvaldomagalhaes.com.br\/index.php\/2022\/10\/15\/raquel-e-priscila-promovem-o-evento-pernambuco-de-coracao-em-caruaru-neste-domingo-16\/","title":{"rendered":"Raquel e Priscila promovem o evento &#8220;Pernambuco de Cora\u00e7\u00e3o&#8221;, em Caruaru, neste domingo (16)"},"content":{"rendered":"<p style=\"text-align: justify;\"><span style=\"font-size: revert; color: initial;\">A candidata ao Governo de Pernambuco, Raquel Lyra, e a candidata a vice-governadora, Priscila Krause, promovem, neste domingo (16), a partir das 10h, o evento Pernambuco de Cora\u00e7\u00e3o.<\/span><\/p>\n<p style=\"text-align: justify;\">O grande ato pol\u00edtico acontece na Arena Caruaru e reunir\u00e1 lideran\u00e7as de todas as regi\u00f5es do estado, que est\u00e3o ao lado de Raquel governadora e acreditam na verdadeira mudan\u00e7a para Pernambuco.<\/p>\n\n\n<figure class=\"wp-block-image size-large is-resized\"><img loading=\"lazy\" decoding=\"async\" src=\"https:\/\/blogdoedvaldomagalhaes.com.br\/wp-content\/uploads\/2022\/10\/IMG-20221015-WA0092-1024x682.jpg\" alt=\"\" class=\"wp-image-88986\" width=\"344\" height=\"229\" srcset=\"https:\/\/blogdoedvaldomagalhaes.com.br\/wp-content\/uploads\/2022\/10\/IMG-20221015-WA0092-1024x682.jpg 1024w, https:\/\/blogdoedvaldomagalhaes.com.br\/wp-content\/uploads\/2022\/10\/IMG-20221015-WA0092-300x200.jpg 300w, https:\/\/blogdoedvaldomagalhaes.com.br\/wp-content\/uploads\/2022\/10\/IMG-20221015-WA0092-768x512.jpg 768w, https:\/\/blogdoedvaldomagalhaes.com.br\/wp-content\/uploads\/2022\/10\/IMG-20221015-WA0092.jpg 1280w\" sizes=\"auto, (max-width: 344px) 100vw, 344px\" \/><\/figure>\n\n\n\n\n<p style=\"text-align: justify;\"><span style=\"font-size: revert; color: initial;\">Na sua primeira agenda de rua neste segundo turno, a candidata a governadora, Raquel Lyra (PSDB), percorreu o mercado e o com\u00e9rcio de Nova Descoberta, na Zona Norte do Recife. A candidata mais votada na capital pernambucana no primeiro turno agradeceu o apoio da popula\u00e7\u00e3o e refor\u00e7ou os compromissos do seu futuro governo para unir Pernambuco. Priscila Krause, candidata a vice-governadora, acompanhou a programa\u00e7\u00e3o.<\/span><\/p>\n<p style=\"text-align: justify;\">Raquel agradeceu o carinho das pessoas e falou que vai trabalhar pela qualidade de vida dos pernambucanos. \u201cQueremos construir um estado de oportunidades e isso deve ser feito a partir da capacidade de enxergar cada cantinho de Pernambuco. Vamos trabalhar para gerar emprego, diminuir a viol\u00eancia e garantir \u00e1gua na torneira das pessoas\u201d, afirmou.<\/p>\n<p style=\"text-align: justify;\">\u201cVotei em Raquel para governadora porque me chamou a aten\u00e7\u00e3o sua proposta de investir em vagas de creche e essa \u00e9 uma das maiores dificuldades para n\u00f3s, que somos m\u00e3es. No segundo turno vai ser 45 de novo\u201d, afirmou a dona de casa Maria de F\u00e1tima Souza.<\/p>\n<p style=\"text-align: justify;\">Acompanharam a agenda o deputado federal Daniel Coelho; o deputado estadual Rodrigo Novaes; o vereador do Recife, Alcides Cardoso; o presidente estadual do Cidadania, Jo\u00e3o Freire, e lideran\u00e7as da Regi\u00e3o Metropolitana.<\/p>\n<p style=\"text-align: justify;\">Fotos: Am\u00e9rico Nunes<\/p>","protected":false},"excerpt":{"rendered":"<p>A candidata ao Governo de Pernambuco, Raquel Lyra, e a candidata a vice-governadora, Priscila Krause, promovem, neste domingo (16), a&hellip;<\/p>\n","protected":false},"author":1,"featured_media":88985,"comment_status":"closed","ping_status":"open","sticky":false,"template":"","format":"standard","meta":{"footnotes":""},"categories":[14122],"tags":[19532,25848,3406,19613,20,25847],"class_list":["post-88984","post","type-post","status-publish","format-standard","has-post-thumbnail","hentry","category-politica","tag-blog-mais-acessado-e-visualizado-de-caruaru-e-regiao","tag-bog-do-edvaldo-magalhaes","tag-caruaru","tag-eleicoes","tag-politica","tag-raquel-e-priscila-promovem-o-evento-pernambuco-de-coracao-em-caruaru-neste-domingo-16"],"_links":{"self":[{"href":"https:\/\/blogdoedvaldomagalhaes.com.br\/index.php\/wp-json\/wp\/v2\/posts\/88984","targetHints":{"allow":["GET"]}}],"collection":[{"href":"https:\/\/blogdoedvaldomagalhaes.com.br\/index.php\/wp-json\/wp\/v2\/posts"}],"about":[{"href":"https:\/\/blogdoedvaldomagalhaes.com.br\/index.php\/wp-json\/wp\/v2\/types\/post"}],"author":[{"embeddable":true,"href":"https:\/\/blogdoedvaldomagalhaes.com.br\/index.php\/wp-json\/wp\/v2\/users\/1"}],"replies":[{"embeddable":true,"href":"https:\/\/blogdoedvaldomagalhaes.com.br\/index.php\/wp-json\/wp\/v2\/comments?post=88984"}],"version-history":[{"count":3,"href":"https:\/\/blogdoedvaldomagalhaes.com.br\/index.php\/wp-json\/wp\/v2\/posts\/88984\/revisions"}],"predecessor-version":[{"id":88990,"href":"https:\/\/blogdoedvaldomagalhaes.com.br\/index.php\/wp-json\/wp\/v2\/posts\/88984\/revisions\/88990"}],"wp:featuredmedia":[{"embeddable":true,"href":"https:\/\/blogdoedvaldomagalhaes.com.br\/index.php\/wp-json\/wp\/v2\/media\/88985"}],"wp:attachment":[{"href":"https:\/\/blogdoedvaldomagalhaes.com.br\/index.php\/wp-json\/wp\/v2\/media?parent=88984"}],"wp:term":[{"taxonomy":"category","embeddable":true,"href":"https:\/\/blogdoedvaldomagalhaes.com.br\/index.php\/wp-json\/wp\/v2\/categories?post=88984"},{"taxonomy":"post_tag","embeddable":true,"href":"https:\/\/blogdoedvaldomagalhaes.com.br\/index.php\/wp-json\/wp\/v2\/tags?post=88984"}],"curies":[{"name":"wp","href":"https:\/\/api.w.org\/{rel}","templated":true}]}}