{"id":88981,"date":"2022-10-15T16:10:04","date_gmt":"2022-10-15T19:10:04","guid":{"rendered":"https:\/\/blogdoedvaldomagalhaes.com.br\/?p=88981"},"modified":"2022-10-15T16:10:05","modified_gmt":"2022-10-15T19:10:05","slug":"casal-e-preso-por-furto-de-celulares","status":"publish","type":"post","link":"https:\/\/blogdoedvaldomagalhaes.com.br\/index.php\/2022\/10\/15\/casal-e-preso-por-furto-de-celulares\/","title":{"rendered":"Casal \u00e9 preso por furto de celulares"},"content":{"rendered":"<p style=\"text-align: justify;\"><span style=\"font-size: revert; color: initial;\">Um homem e uma mulher foram presos na tarde dessa sexta-feira (14), suspeitos de furtar celulares na Regi\u00e3o Metropolitana do Recife.<\/span><\/p>\n<p style=\"text-align: justify;\">O casal, que \u00e9 da Para\u00edba, foi abordado no bairro de Santo Amaro por policiais militares da Companhia Independente de Policiamento com Motocicleta (CIPMoto). Com eles foram apreendidos 12 aparelhos celulares, um rel\u00f3gio, duas baterias de celular port\u00e1til, um ve\u00edculo e duas carteiras porta c\u00e9dula com documentos de poss\u00edveis v\u00edtimas. Os produtos teriam como destino a revenda, em Jo\u00e3o Pessoa.<\/p>\n<p style=\"text-align: justify;\">O casal, que faria parte de uma quadrilha especializada nesse tipo de crime, foi conduzido para a Central de Plant\u00f5es da Capital para serem tomadas as medidas legais cab\u00edveis. Foto: Divulga\u00e7\u00e3o\/PMPE.<\/p>\n<p style=\"text-align: justify;\">Se inscreva no canal do Blog do Edvaldo Magalh\u00e3es no YouTube e siga no Instagram.<\/p>\n","protected":false},"excerpt":{"rendered":"<p>Um homem e uma mulher foram presos na tarde dessa sexta-feira (14), suspeitos de furtar celulares na Regi\u00e3o Metropolitana do&hellip;<\/p>\n","protected":false},"author":1,"featured_media":88982,"comment_status":"closed","ping_status":"open","sticky":false,"template":"","format":"standard","meta":{"footnotes":""},"categories":[14121],"tags":[2,19532,3406,25846],"class_list":["post-88981","post","type-post","status-publish","format-standard","has-post-thumbnail","hentry","category-policial","tag-blog-do-edvaldo-magalhaes","tag-blog-mais-acessado-e-visualizado-de-caruaru-e-regiao","tag-caruaru","tag-casal-e-preso-por-furto-de-celulares"],"_links":{"self":[{"href":"https:\/\/blogdoedvaldomagalhaes.com.br\/index.php\/wp-json\/wp\/v2\/posts\/88981","targetHints":{"allow":["GET"]}}],"collection":[{"href":"https:\/\/blogdoedvaldomagalhaes.com.br\/index.php\/wp-json\/wp\/v2\/posts"}],"about":[{"href":"https:\/\/blogdoedvaldomagalhaes.com.br\/index.php\/wp-json\/wp\/v2\/types\/post"}],"author":[{"embeddable":true,"href":"https:\/\/blogdoedvaldomagalhaes.com.br\/index.php\/wp-json\/wp\/v2\/users\/1"}],"replies":[{"embeddable":true,"href":"https:\/\/blogdoedvaldomagalhaes.com.br\/index.php\/wp-json\/wp\/v2\/comments?post=88981"}],"version-history":[{"count":1,"href":"https:\/\/blogdoedvaldomagalhaes.com.br\/index.php\/wp-json\/wp\/v2\/posts\/88981\/revisions"}],"predecessor-version":[{"id":88983,"href":"https:\/\/blogdoedvaldomagalhaes.com.br\/index.php\/wp-json\/wp\/v2\/posts\/88981\/revisions\/88983"}],"wp:featuredmedia":[{"embeddable":true,"href":"https:\/\/blogdoedvaldomagalhaes.com.br\/index.php\/wp-json\/wp\/v2\/media\/88982"}],"wp:attachment":[{"href":"https:\/\/blogdoedvaldomagalhaes.com.br\/index.php\/wp-json\/wp\/v2\/media?parent=88981"}],"wp:term":[{"taxonomy":"category","embeddable":true,"href":"https:\/\/blogdoedvaldomagalhaes.com.br\/index.php\/wp-json\/wp\/v2\/categories?post=88981"},{"taxonomy":"post_tag","embeddable":true,"href":"https:\/\/blogdoedvaldomagalhaes.com.br\/index.php\/wp-json\/wp\/v2\/tags?post=88981"}],"curies":[{"name":"wp","href":"https:\/\/api.w.org\/{rel}","templated":true}]}}