{"id":88978,"date":"2022-10-15T14:28:43","date_gmt":"2022-10-15T17:28:43","guid":{"rendered":"https:\/\/blogdoedvaldomagalhaes.com.br\/?p=88978"},"modified":"2022-10-15T14:28:44","modified_gmt":"2022-10-15T17:28:44","slug":"caruaru-recebe-acao-social-para-vacinar-caes-e-gatos-gratuitamente","status":"publish","type":"post","link":"https:\/\/blogdoedvaldomagalhaes.com.br\/index.php\/2022\/10\/15\/caruaru-recebe-acao-social-para-vacinar-caes-e-gatos-gratuitamente\/","title":{"rendered":"Caruaru recebe a\u00e7\u00e3o social para vacinar c\u00e3es e gatos gratuitamente"},"content":{"rendered":"<p style=\"text-align: justify;\"><span style=\"color: initial; font-size: revert;\">Ser\u00e1 realizada, nesta ter\u00e7a-feira (18), uma a\u00e7\u00e3o social de vacina\u00e7\u00e3o antirr\u00e1bica para c\u00e3es e gatos. O evento ser\u00e1 totalmente gratuito e acontecer\u00e1 das 10h30 \u00e0s 15h30, na sede da Escola Brasileira de Profiss\u00f5es (EBP), no bairro Nossa Senhora das Dores, em Caruaru.<\/span><\/p>\n<p style=\"text-align: justify;\">Para participar bastar levar o c\u00e3o ou gato, cart\u00e3o de vacina do animal (se tiver) e estar com um tutor maior de 18 anos. A vacina ser\u00e1 aplicada pelos professores e alunos do curso de auxiliar de veterin\u00e1rio para animais de pequeno porte da pr\u00f3pria EBP.<\/p>\n<p style=\"text-align: justify;\">A raiva \u00e9 uma doen\u00e7a infecciosa causada por um v\u00edrus que afeta os mam\u00edferos. Uma vez instalada no organismo, a doen\u00e7a atinge, principalmente, o sistema nervoso, causando sintomas como altera\u00e7\u00f5es de comportamento, tendo a agressividade como uma das maiores caracter\u00edsticas. A vacina \u00e9 a principal forma de preven\u00e7\u00e3o da doen\u00e7a.<\/p>\n<p style=\"text-align: justify;\">A Escola Brasileira de Profiss\u00f5es (EBP) fica localizada na rua Nunes Machado, 270, no bairro Nossa Senhora das Dores. Outras informa\u00e7\u00f5es pelo telefone (81) 3721.6000.<\/p>\n","protected":false},"excerpt":{"rendered":"<p>Ser\u00e1 realizada, nesta ter\u00e7a-feira (18), uma a\u00e7\u00e3o social de vacina\u00e7\u00e3o antirr\u00e1bica para c\u00e3es e gatos. O evento ser\u00e1 totalmente gratuito&hellip;<\/p>\n","protected":false},"author":1,"featured_media":88979,"comment_status":"closed","ping_status":"open","sticky":false,"template":"","format":"standard","meta":{"footnotes":""},"categories":[14120],"tags":[2,19532,3406,25845],"class_list":["post-88978","post","type-post","status-publish","format-standard","has-post-thumbnail","hentry","category-noticias","tag-blog-do-edvaldo-magalhaes","tag-blog-mais-acessado-e-visualizado-de-caruaru-e-regiao","tag-caruaru","tag-caruaru-recebe-acao-social-para-vacinar-caes-e-gatos-gratuitamente"],"_links":{"self":[{"href":"https:\/\/blogdoedvaldomagalhaes.com.br\/index.php\/wp-json\/wp\/v2\/posts\/88978","targetHints":{"allow":["GET"]}}],"collection":[{"href":"https:\/\/blogdoedvaldomagalhaes.com.br\/index.php\/wp-json\/wp\/v2\/posts"}],"about":[{"href":"https:\/\/blogdoedvaldomagalhaes.com.br\/index.php\/wp-json\/wp\/v2\/types\/post"}],"author":[{"embeddable":true,"href":"https:\/\/blogdoedvaldomagalhaes.com.br\/index.php\/wp-json\/wp\/v2\/users\/1"}],"replies":[{"embeddable":true,"href":"https:\/\/blogdoedvaldomagalhaes.com.br\/index.php\/wp-json\/wp\/v2\/comments?post=88978"}],"version-history":[{"count":1,"href":"https:\/\/blogdoedvaldomagalhaes.com.br\/index.php\/wp-json\/wp\/v2\/posts\/88978\/revisions"}],"predecessor-version":[{"id":88980,"href":"https:\/\/blogdoedvaldomagalhaes.com.br\/index.php\/wp-json\/wp\/v2\/posts\/88978\/revisions\/88980"}],"wp:featuredmedia":[{"embeddable":true,"href":"https:\/\/blogdoedvaldomagalhaes.com.br\/index.php\/wp-json\/wp\/v2\/media\/88979"}],"wp:attachment":[{"href":"https:\/\/blogdoedvaldomagalhaes.com.br\/index.php\/wp-json\/wp\/v2\/media?parent=88978"}],"wp:term":[{"taxonomy":"category","embeddable":true,"href":"https:\/\/blogdoedvaldomagalhaes.com.br\/index.php\/wp-json\/wp\/v2\/categories?post=88978"},{"taxonomy":"post_tag","embeddable":true,"href":"https:\/\/blogdoedvaldomagalhaes.com.br\/index.php\/wp-json\/wp\/v2\/tags?post=88978"}],"curies":[{"name":"wp","href":"https:\/\/api.w.org\/{rel}","templated":true}]}}