{"id":88969,"date":"2022-10-14T23:42:31","date_gmt":"2022-10-15T02:42:31","guid":{"rendered":"https:\/\/blogdoedvaldomagalhaes.com.br\/?p=88969"},"modified":"2022-10-14T23:52:39","modified_gmt":"2022-10-15T02:52:39","slug":"jovem-morre-ao-perder-controle-de-moto-na-br-104-em-caruaru","status":"publish","type":"post","link":"https:\/\/blogdoedvaldomagalhaes.com.br\/index.php\/2022\/10\/14\/jovem-morre-ao-perder-controle-de-moto-na-br-104-em-caruaru\/","title":{"rendered":"Jovem morre ao perder controle de moto na BR 104, em Caruaru"},"content":{"rendered":"<p style=\"font-weight: 400; text-align: justify;\">Um grave acidente de tr\u00e2nsito ocorreu no final da tarde desta sexta-feira (14). O jovem <strong>Jefferson Gabriel dos Santos Guimar\u00e3es<\/strong>, de 19 anos, que era natural da cidade de S\u00e3o Caitano, e morava em Caruaru, estava trafegando de motocicleta pela BR-104 no sentido Agrestina\/Caruaru, quando sobrou em uma curva em frente ao campo de Big, caiu da moto e morreu.<\/p>\n<p style=\"font-weight: 400; text-align: justify;\">A Pol\u00edcia Rodovi\u00e1ria Federal informou que a v\u00edtima trafegava em alta velocidade, saiu da pista, caindo&nbsp; cerca de 30 metros.<\/p>\n<p style=\"font-weight: 400; text-align: justify;\">O corpo foi periciado no local pelo IC \u2013 Instituto de Criminal\u00edstica e em seguida foi encaminhado para o IML local.&nbsp;<\/p>\n\n\n<figure class=\"wp-block-image size-full\"><img loading=\"lazy\" decoding=\"async\" width=\"816\" height=\"459\" src=\"https:\/\/blogdoedvaldomagalhaes.com.br\/wp-content\/uploads\/2022\/10\/IMG-20221014-WA0108.jpg\" alt=\"\" class=\"wp-image-88971\" srcset=\"https:\/\/blogdoedvaldomagalhaes.com.br\/wp-content\/uploads\/2022\/10\/IMG-20221014-WA0108.jpg 816w, https:\/\/blogdoedvaldomagalhaes.com.br\/wp-content\/uploads\/2022\/10\/IMG-20221014-WA0108-300x169.jpg 300w, https:\/\/blogdoedvaldomagalhaes.com.br\/wp-content\/uploads\/2022\/10\/IMG-20221014-WA0108-768x432.jpg 768w, https:\/\/blogdoedvaldomagalhaes.com.br\/wp-content\/uploads\/2022\/10\/IMG-20221014-WA0108-720x405.jpg 720w\" sizes=\"auto, (max-width: 816px) 100vw, 816px\" \/><figcaption>Fotos: Blog do Edvaldo Magalh\u00e3es<\/figcaption><\/figure>\n\n\n\n<figure class=\"wp-block-image size-full\"><img loading=\"lazy\" decoding=\"async\" width=\"176\" height=\"206\" src=\"https:\/\/blogdoedvaldomagalhaes.com.br\/wp-content\/uploads\/2022\/10\/WhatsApp-Image-2022-10-14-at-18.57.34.jpeg\" alt=\"\" class=\"wp-image-88973\"\/><figcaption>V\u00edtima<\/figcaption><\/figure>\n","protected":false},"excerpt":{"rendered":"<p>Um grave acidente de tr\u00e2nsito ocorreu no final da tarde desta sexta-feira (14). O jovem Jefferson Gabriel dos Santos Guimar\u00e3es,&hellip;<\/p>\n","protected":false},"author":1,"featured_media":88970,"comment_status":"closed","ping_status":"open","sticky":false,"template":"","format":"standard","meta":{"footnotes":""},"categories":[14120],"tags":[14276,2,19532,3406,25843],"class_list":["post-88969","post","type-post","status-publish","format-standard","has-post-thumbnail","hentry","category-noticias","tag-acidente","tag-blog-do-edvaldo-magalhaes","tag-blog-mais-acessado-e-visualizado-de-caruaru-e-regiao","tag-caruaru","tag-jovem-morre-ao-perder-controle-de-moto-na-br-104-em-caruaru"],"_links":{"self":[{"href":"https:\/\/blogdoedvaldomagalhaes.com.br\/index.php\/wp-json\/wp\/v2\/posts\/88969","targetHints":{"allow":["GET"]}}],"collection":[{"href":"https:\/\/blogdoedvaldomagalhaes.com.br\/index.php\/wp-json\/wp\/v2\/posts"}],"about":[{"href":"https:\/\/blogdoedvaldomagalhaes.com.br\/index.php\/wp-json\/wp\/v2\/types\/post"}],"author":[{"embeddable":true,"href":"https:\/\/blogdoedvaldomagalhaes.com.br\/index.php\/wp-json\/wp\/v2\/users\/1"}],"replies":[{"embeddable":true,"href":"https:\/\/blogdoedvaldomagalhaes.com.br\/index.php\/wp-json\/wp\/v2\/comments?post=88969"}],"version-history":[{"count":2,"href":"https:\/\/blogdoedvaldomagalhaes.com.br\/index.php\/wp-json\/wp\/v2\/posts\/88969\/revisions"}],"predecessor-version":[{"id":88974,"href":"https:\/\/blogdoedvaldomagalhaes.com.br\/index.php\/wp-json\/wp\/v2\/posts\/88969\/revisions\/88974"}],"wp:featuredmedia":[{"embeddable":true,"href":"https:\/\/blogdoedvaldomagalhaes.com.br\/index.php\/wp-json\/wp\/v2\/media\/88970"}],"wp:attachment":[{"href":"https:\/\/blogdoedvaldomagalhaes.com.br\/index.php\/wp-json\/wp\/v2\/media?parent=88969"}],"wp:term":[{"taxonomy":"category","embeddable":true,"href":"https:\/\/blogdoedvaldomagalhaes.com.br\/index.php\/wp-json\/wp\/v2\/categories?post=88969"},{"taxonomy":"post_tag","embeddable":true,"href":"https:\/\/blogdoedvaldomagalhaes.com.br\/index.php\/wp-json\/wp\/v2\/tags?post=88969"}],"curies":[{"name":"wp","href":"https:\/\/api.w.org\/{rel}","templated":true}]}}