{"id":88966,"date":"2022-10-14T22:05:52","date_gmt":"2022-10-15T01:05:52","guid":{"rendered":"https:\/\/blogdoedvaldomagalhaes.com.br\/?p=88966"},"modified":"2022-10-14T22:05:53","modified_gmt":"2022-10-15T01:05:53","slug":"guarda-municipal-de-caruaru-conduz-a-delegacia-suspeito-de-invadir-casa","status":"publish","type":"post","link":"https:\/\/blogdoedvaldomagalhaes.com.br\/index.php\/2022\/10\/14\/guarda-municipal-de-caruaru-conduz-a-delegacia-suspeito-de-invadir-casa\/","title":{"rendered":"Guarda Municipal de Caruaru conduz \u00e0 delegacia suspeito de invadir casa"},"content":{"rendered":"<p style=\"text-align: justify;\">A Guarda Municipal de Caruaru (GM), na noite dessa quarta-feira (12), estava realizando rondas pelo bairro Petr\u00f3polis, quando receberam a informa\u00e7\u00e3o de uma mulher, que sua casa havia sido invadida e o suspeito havia roubado uma certa quantia em dinheiro. <br \/><br \/>Ainda de acordo com a mulher, o suspeito tentou estupr\u00e1-la e a amea\u00e7ou de morte. A equipe da GM iniciou as buscas, de acordo com as caracter\u00edsticas repassadas pela mulher e conseguiu encontrar o mesmo na manh\u00e3 de hoje (13), na casa de uma pessoa que afirmou ser seu irm\u00e3o.<br \/><br \/>O mesmo foi algemado e conduzido \u00e0 Delegacia Regional de Plant\u00e3o, a v\u00edtima tamb\u00e9m compareceu para prestar depoimento.<\/p>\n\n\n<figure class=\"wp-block-image size-large is-resized\"><img loading=\"lazy\" decoding=\"async\" src=\"https:\/\/blogdoedvaldomagalhaes.com.br\/wp-content\/uploads\/2022\/10\/IMG-20221014-WA0139-768x1024.jpg\" alt=\"\" class=\"wp-image-88967\" width=\"342\" height=\"455\" srcset=\"https:\/\/blogdoedvaldomagalhaes.com.br\/wp-content\/uploads\/2022\/10\/IMG-20221014-WA0139-768x1024.jpg 768w, https:\/\/blogdoedvaldomagalhaes.com.br\/wp-content\/uploads\/2022\/10\/IMG-20221014-WA0139-225x300.jpg 225w, https:\/\/blogdoedvaldomagalhaes.com.br\/wp-content\/uploads\/2022\/10\/IMG-20221014-WA0139.jpg 960w\" sizes=\"auto, (max-width: 342px) 100vw, 342px\" \/><figcaption>Fotos: Divulga\u00e7\u00e3o <\/figcaption><\/figure>\n","protected":false},"excerpt":{"rendered":"<p>A Guarda Municipal de Caruaru (GM), na noite dessa quarta-feira (12), estava realizando rondas pelo bairro Petr\u00f3polis, quando receberam a&hellip;<\/p>\n","protected":false},"author":1,"featured_media":88964,"comment_status":"closed","ping_status":"open","sticky":false,"template":"","format":"standard","meta":{"footnotes":""},"categories":[14121],"tags":[992,19532,3406,25842],"class_list":["post-88966","post","type-post","status-publish","format-standard","has-post-thumbnail","hentry","category-policial","tag-blog-do-edvaldo-do-magalhaes","tag-blog-mais-acessado-e-visualizado-de-caruaru-e-regiao","tag-caruaru","tag-guarda-municipal-de-caruaru-conduz-a-delegacia-suspeito-de-invadir-casa"],"_links":{"self":[{"href":"https:\/\/blogdoedvaldomagalhaes.com.br\/index.php\/wp-json\/wp\/v2\/posts\/88966","targetHints":{"allow":["GET"]}}],"collection":[{"href":"https:\/\/blogdoedvaldomagalhaes.com.br\/index.php\/wp-json\/wp\/v2\/posts"}],"about":[{"href":"https:\/\/blogdoedvaldomagalhaes.com.br\/index.php\/wp-json\/wp\/v2\/types\/post"}],"author":[{"embeddable":true,"href":"https:\/\/blogdoedvaldomagalhaes.com.br\/index.php\/wp-json\/wp\/v2\/users\/1"}],"replies":[{"embeddable":true,"href":"https:\/\/blogdoedvaldomagalhaes.com.br\/index.php\/wp-json\/wp\/v2\/comments?post=88966"}],"version-history":[{"count":1,"href":"https:\/\/blogdoedvaldomagalhaes.com.br\/index.php\/wp-json\/wp\/v2\/posts\/88966\/revisions"}],"predecessor-version":[{"id":88968,"href":"https:\/\/blogdoedvaldomagalhaes.com.br\/index.php\/wp-json\/wp\/v2\/posts\/88966\/revisions\/88968"}],"wp:featuredmedia":[{"embeddable":true,"href":"https:\/\/blogdoedvaldomagalhaes.com.br\/index.php\/wp-json\/wp\/v2\/media\/88964"}],"wp:attachment":[{"href":"https:\/\/blogdoedvaldomagalhaes.com.br\/index.php\/wp-json\/wp\/v2\/media?parent=88966"}],"wp:term":[{"taxonomy":"category","embeddable":true,"href":"https:\/\/blogdoedvaldomagalhaes.com.br\/index.php\/wp-json\/wp\/v2\/categories?post=88966"},{"taxonomy":"post_tag","embeddable":true,"href":"https:\/\/blogdoedvaldomagalhaes.com.br\/index.php\/wp-json\/wp\/v2\/tags?post=88966"}],"curies":[{"name":"wp","href":"https:\/\/api.w.org\/{rel}","templated":true}]}}