{"id":88956,"date":"2022-10-14T11:34:12","date_gmt":"2022-10-14T14:34:12","guid":{"rendered":"https:\/\/blogdoedvaldomagalhaes.com.br\/?p=88956"},"modified":"2022-10-14T11:34:13","modified_gmt":"2022-10-14T14:34:13","slug":"manha-rosa-realiza-mamografias-em-moradoras-da-comunidade-beira-do-rio","status":"publish","type":"post","link":"https:\/\/blogdoedvaldomagalhaes.com.br\/index.php\/2022\/10\/14\/manha-rosa-realiza-mamografias-em-moradoras-da-comunidade-beira-do-rio\/","title":{"rendered":"Manh\u00e3 Rosa realiza mamografias em\u00a0moradoras da comunidade Beira do Rio"},"content":{"rendered":"<p style=\"text-align: justify;\"><span style=\"color: initial; font-size: revert;\">Evento organizado Sociedade Brasileira de Mastologia Regional-Pernambuco<\/span><span style=\"font-size: revert; color: initial;\">a contece neste s\u00e1bado, das 8h \u00e0s 12h, no Recife T\u00eanis Clube.<\/span><\/p>\n<p style=\"text-align: justify;\"><span style=\"font-weight: 400;\">A Sociedade Brasileira de Mastologia &#8211; Regional Pernambuco, em parceria com Recife T\u00eanis Clube e o Lucilo \u00c1vila Diagn\u00f3stico, realiza neste s\u00e1bado o evento a\u00a0 Manh\u00e3 Rosa. A a\u00e7\u00e3o social vai possibilitar que cerca de 70 mulheres que residem na comunidade Beira do Rio, em Boa Viagem, possam fazer exames de mamografia. O evento integra a campanha do Outubro Rosa e come\u00e7a a partir das 8h nas depend\u00eancias do Recife T\u00eanis Clube, localizado no bairro da Imbiribeira.<\/span><\/p>\n<p style=\"text-align: justify;\"><span style=\"font-weight: 400;\">&#8220;O Outubro Rosa \u00e9 muito importante para chamar aten\u00e7\u00e3o da popula\u00e7\u00e3o a respeito do diagn\u00f3stico precoce do c\u00e2ncer de mama&#8221;, afirma o m\u00e9dico mastologista Carlos Eduardo Caiado, presidente da Sociedade Brasileira de Mastologia \u2013 Regional Pernambuco. Este ano, a Sociedade de Mastologia refor\u00e7a a import\u00e2ncia do diagn\u00f3stico precoce com a campanha \u201cQuanto antes, melhor\u201d. O m\u00e9dico Carlos Eduardo Calado destaca a necessidade das mulheres voltarem a fazer seus exames de rotina, pois o n\u00famero de mamografias, por exemplo, caiu drasticamente no pa\u00eds desde o in\u00edcio da pandemia da Covid-19. A cada dez mulheres, nem duas fizeram mamografia em 2021, de acordo com dados do Observat\u00f3rio de Oncologia.\u00a0<\/span><\/p>\n<p style=\"text-align: justify;\"><span style=\"font-weight: 400;\">A a\u00e7\u00e3o social organizada pela Sociedade de Mastologia neste s\u00e1bado, em parceria com o Recife T\u00eanis Clube e o Lucilo \u00c1vila Diagn\u00f3sticos, busca refor\u00e7ar tamb\u00e9m os benef\u00edcios da pr\u00e1tica esportiva e de uma alimenta\u00e7\u00e3o saud\u00e1vel (frutas da esta\u00e7\u00e3o v\u00e3o estar dispon\u00edvel para consumo durante o vento). Uma camisa alusiva ao Outubro Rosa, que custa R$ 60, foi confeccionada especialmente para a data. A renda obtida com a venda ser\u00e1 revertida na compra de material cir\u00fargico para o Hospital do C\u00e2ncer de Pernambuco.<\/span><\/p>\n<p style=\"text-align: justify;\"><b>CONSCIENTIZA\u00c7\u00c3O<\/b><\/p>\n<p style=\"text-align: justify;\"><span style=\"font-weight: 400;\">De acordo com o Instituto Nacional do C\u00e2ncer (Inca), estima-se que 66.280 novos casos de c\u00e2ncer de mama vir\u00e3o \u00e0 tona, para cada ano do tri\u00eanio 2020-2022 \u201cO c\u00e2ncer de mama est\u00e1 no topo. Mas as chances de voc\u00ea tratar a doen\u00e7a e obter a cura, quando se faz a descoberta do tumor logo no in\u00edcio, s\u00e3o grandes. Trabalhar em parceria com outras especialidades da medicina pode sim fazer toda diferen\u00e7a na mudan\u00e7a de h\u00e1bito de alguns pacientes que j\u00e1 passaram pelo tratamento e desejam um novo estilo de vida\u201d, explica o m\u00e9dico Carlos Eduardo Caiado.<\/span><\/p>\n<p style=\"text-align: justify;\"><span style=\"font-weight: 400;\">\u201cCampanhas como o Outubro Rosa s\u00e3o fundamentais porque ampliam o alcance das informa\u00e7\u00f5es, fortalecem a import\u00e2ncia do rastreamento &#8211; que s\u00e3o os exames de rotina e precisam ser feitos antes mesmo de a mulher ter qualquer sintoma &#8211; buscando o diagn\u00f3stico da doen\u00e7a ainda no est\u00e1gio inicial e, portanto, trat\u00e1vel, cur\u00e1vel\u201d, refor\u00e7a a radiologista Mirela \u00c1vila, Diretora M\u00e9dica do Centro Diagn\u00f3stico Lucilo \u00c1vila.<\/span><\/p>\n<p style=\"text-align: justify;\"><b>N\u00daMEROS<\/b><\/p>\n<p style=\"text-align: justify;\"><span style=\"font-weight: 400;\">O c\u00e2ncer de mama \u00e9 a primeira causa de morte por c\u00e2ncer na popula\u00e7\u00e3o feminina em quase todas as regi\u00f5es do Brasil, segundo dados atualizados do Instituto Nacional do C\u00e2ncer. A exce\u00e7\u00e3o \u00e9 a regi\u00e3o Norte, com preval\u00eancia do c\u00e2ncer do colo do \u00fatero. Ainda segundo o Inca, a taxa de mortalidade por c\u00e2ncer de mama, referente \u00e0 popula\u00e7\u00e3o mundial, foi 11,84 \u00f3bitos\/100 mil mulheres, em 2020. No Brasil, as maiores taxas est\u00e3o nas regi\u00f5es Sudeste e Sul, com 12,64 e 12,79 \u00f3bitos\/100 mil mulheres, respectivamente (INCA, 2022). Pernambuco tem uma taxa estimada de 12,35 \u00f3bitos para cada 100 mil mulheres.\u00a0<\/span><\/p>\n<p style=\"text-align: justify;\"><span style=\"font-weight: 400;\">Na mortalidade proporcional por c\u00e2ncer em mulheres, no per\u00edodo 2016-2020, os \u00f3bitos por c\u00e2ncer de mama ocupam o primeiro lugar no pa\u00eds, representando 16,3% do total. Em 2022, estima-se que ocorrer\u00e3o 66.280 novos casos da doen\u00e7a. Em dados percentuais, a mortalidade proporcional por c\u00e2ncer de mama \u00e9 de 17,2% no Sudeste, 16,8% no Centro-Oeste, 15,6% no Nordeste e 15,5% no Sul. Lembrando ainda que a doen\u00e7a tamb\u00e9m acomete homens, mas com baixa incid\u00eancia &#8211; eles representam cerca de 1% do total de casos.<\/span><\/p>\n<p style=\"text-align: justify;\"><b>DERRUBANDO MITOS<\/b><\/p>\n<p style=\"text-align: justify;\"><span style=\"font-weight: 400;\">\u00c9 importante enfatizar que apenas 15% das pacientes com diagn\u00f3stico de c\u00e2ncer de mama t\u00eam hist\u00f3rico familiar; 85% dos casos n\u00e3o t\u00eam qualquer rela\u00e7\u00e3o com hereditariedade. \u201cO tecido mam\u00e1rio, em si, \u00e9 um tecido de risco\u201d, alerta a radiologista Mirela \u00c1vila. \u201cMuitas pessoas, por medo ou desinforma\u00e7\u00e3o, evitam o assunto e acabam atrasando o diagn\u00f3stico\u201d, avalia. Ela reitera que quanto mais cedo a descoberta, mais chances para o \u00eaxito do tratamento: \u201cA gente passa a ter uma possibilidade imensa de n\u00e3o apenas curar, mas tamb\u00e9m de n\u00e3o precisar de tratamentos mais agressivos&#8221;, acrescenta.<\/span><\/p>\n<p style=\"text-align: justify;\"><span style=\"font-weight: 400;\">Quando a descoberta se d\u00e1 em est\u00e1gios iniciais, a cura do c\u00e2ncer de mama chega a 95%. Mamografias, para as mulheres com mais de 40 anos, e ultrassonografia, em pacientes mais jovens, devem ser utilizadas na busca por um diagn\u00f3stico precoce.\u00a0 E, mesmo em diagn\u00f3sticos positivos, dependendo do caso, a quimioterapia pode at\u00e9 nem ser necess\u00e1ria, resultando num tratamento mais brando, com a preserva\u00e7\u00e3o da mama, e uma qualidade de vida muito melhor. \u201c\u00c9 sobre perspectivas reais de vida que lidamos quando nos deparamos com diagn\u00f3sticos precoces,\u201d define a radiologista.\u00a0<\/span><\/p>\n\n\n<figure class=\"wp-block-image size-large\"><img loading=\"lazy\" decoding=\"async\" width=\"1024\" height=\"577\" src=\"https:\/\/blogdoedvaldomagalhaes.com.br\/wp-content\/uploads\/2022\/10\/IMG-20221014-WA0036-1024x577.jpg\" alt=\"\" class=\"wp-image-88958\" srcset=\"https:\/\/blogdoedvaldomagalhaes.com.br\/wp-content\/uploads\/2022\/10\/IMG-20221014-WA0036-1024x577.jpg 1024w, https:\/\/blogdoedvaldomagalhaes.com.br\/wp-content\/uploads\/2022\/10\/IMG-20221014-WA0036-300x169.jpg 300w, https:\/\/blogdoedvaldomagalhaes.com.br\/wp-content\/uploads\/2022\/10\/IMG-20221014-WA0036-768x432.jpg 768w, https:\/\/blogdoedvaldomagalhaes.com.br\/wp-content\/uploads\/2022\/10\/IMG-20221014-WA0036-1536x865.jpg 1536w, https:\/\/blogdoedvaldomagalhaes.com.br\/wp-content\/uploads\/2022\/10\/IMG-20221014-WA0036-1140x641.jpg 1140w, https:\/\/blogdoedvaldomagalhaes.com.br\/wp-content\/uploads\/2022\/10\/IMG-20221014-WA0036-720x405.jpg 720w, https:\/\/blogdoedvaldomagalhaes.com.br\/wp-content\/uploads\/2022\/10\/IMG-20221014-WA0036.jpg 1600w\" sizes=\"auto, (max-width: 1024px) 100vw, 1024px\" \/><figcaption>Fotos: Divulga\u00e7\u00e3o<\/figcaption><\/figure>\n","protected":false},"excerpt":{"rendered":"<p>Evento organizado Sociedade Brasileira de Mastologia Regional-Pernambucoa contece neste s\u00e1bado, das 8h \u00e0s 12h, no Recife T\u00eanis Clube. A Sociedade&hellip;<\/p>\n","protected":false},"author":1,"featured_media":88957,"comment_status":"closed","ping_status":"open","sticky":false,"template":"","format":"standard","meta":{"footnotes":""},"categories":[14120],"tags":[2,19532,3406,25841],"class_list":["post-88956","post","type-post","status-publish","format-standard","has-post-thumbnail","hentry","category-noticias","tag-blog-do-edvaldo-magalhaes","tag-blog-mais-acessado-e-visualizado-de-caruaru-e-regiao","tag-caruaru","tag-manha-rosa-realiza-mamografias-em-moradoras-da-comunidade-beira-do-rio"],"_links":{"self":[{"href":"https:\/\/blogdoedvaldomagalhaes.com.br\/index.php\/wp-json\/wp\/v2\/posts\/88956","targetHints":{"allow":["GET"]}}],"collection":[{"href":"https:\/\/blogdoedvaldomagalhaes.com.br\/index.php\/wp-json\/wp\/v2\/posts"}],"about":[{"href":"https:\/\/blogdoedvaldomagalhaes.com.br\/index.php\/wp-json\/wp\/v2\/types\/post"}],"author":[{"embeddable":true,"href":"https:\/\/blogdoedvaldomagalhaes.com.br\/index.php\/wp-json\/wp\/v2\/users\/1"}],"replies":[{"embeddable":true,"href":"https:\/\/blogdoedvaldomagalhaes.com.br\/index.php\/wp-json\/wp\/v2\/comments?post=88956"}],"version-history":[{"count":1,"href":"https:\/\/blogdoedvaldomagalhaes.com.br\/index.php\/wp-json\/wp\/v2\/posts\/88956\/revisions"}],"predecessor-version":[{"id":88959,"href":"https:\/\/blogdoedvaldomagalhaes.com.br\/index.php\/wp-json\/wp\/v2\/posts\/88956\/revisions\/88959"}],"wp:featuredmedia":[{"embeddable":true,"href":"https:\/\/blogdoedvaldomagalhaes.com.br\/index.php\/wp-json\/wp\/v2\/media\/88957"}],"wp:attachment":[{"href":"https:\/\/blogdoedvaldomagalhaes.com.br\/index.php\/wp-json\/wp\/v2\/media?parent=88956"}],"wp:term":[{"taxonomy":"category","embeddable":true,"href":"https:\/\/blogdoedvaldomagalhaes.com.br\/index.php\/wp-json\/wp\/v2\/categories?post=88956"},{"taxonomy":"post_tag","embeddable":true,"href":"https:\/\/blogdoedvaldomagalhaes.com.br\/index.php\/wp-json\/wp\/v2\/tags?post=88956"}],"curies":[{"name":"wp","href":"https:\/\/api.w.org\/{rel}","templated":true}]}}