{"id":88950,"date":"2022-10-14T10:51:00","date_gmt":"2022-10-14T13:51:00","guid":{"rendered":"https:\/\/blogdoedvaldomagalhaes.com.br\/?p=88950"},"modified":"2022-10-14T11:14:11","modified_gmt":"2022-10-14T14:14:11","slug":"policia-civil-realiza-operacao-nesta-sexta-14-para-desarticular-organizacao-criminosa","status":"publish","type":"post","link":"https:\/\/blogdoedvaldomagalhaes.com.br\/index.php\/2022\/10\/14\/policia-civil-realiza-operacao-nesta-sexta-14-para-desarticular-organizacao-criminosa\/","title":{"rendered":"Pol\u00edcia Civil realiza Opera\u00e7\u00e3o nesta sexta (14) para desarticular organiza\u00e7\u00e3o criminosa"},"content":{"rendered":"<p style=\"text-align: justify;\">A Pol\u00edcia Civil de Pernambuco desencadeou na manh\u00e3 desta sexta-feira, (14), a 700\u00aa Opera\u00e7\u00e3o de Repress\u00e3o Qualificada de sua hist\u00f3ria e 55\u00aa Opera\u00e7\u00e3o de 2022, denominada &#8220;SUTOR&#8221;, vinculada \u00e0 Diretoria Integrada Especializada &#8211; DIRESP, sob a presid\u00eancia do Delegado \u00c1lvaro Grako, Titular da Delegacia de Pol\u00edcia de Roubos e Furtos &#8211; DPRF, \u00e0 \u00e9poca do in\u00edcio das investiga\u00e7\u00f5es, lotado no Grupo de Opera\u00e7\u00f5es Especiais \u2013 GOE, unidade integrante do Departamento de Repress\u00e3o \u00e0 Corrup\u00e7\u00e3o e ao Crime Organizado \u2013 DRACCO.<\/p>\n<p style=\"text-align: justify;\">A investiga\u00e7\u00e3o foi iniciada em dezembro de 2019, com o objetivo de identificar e desarticular Organiza\u00e7\u00e3o Criminosa voltada \u00e0 pr\u00e1tica do crime de Extors\u00e3o Mediante Sequestro.<\/p>\n<p style=\"text-align: justify;\">Nesta sexta-feira (14), est\u00e3o sendo cumpridos 07 (sete) Mandados de Pris\u00e3o e 10 (dez) Mandados de Busca e Apreens\u00e3o Domiciliar, todos expedidos pela Vara Criminal da Comarca de Gravat\u00e1. Na execu\u00e7\u00e3o, est\u00e3o sendo empregados 80 (oitenta) Policiais Civis, entre Delegados, Agentes e Escriv\u00e3es.<\/p>\n<p style=\"text-align: justify;\">As investiga\u00e7\u00f5es foram assessoradas pela Diretoria de Intelig\u00eancia da Pol\u00edcia Civil de Pernambuco \u2013 DINTEL, contando ainda com o apoio da Ger\u00eancia de Intelig\u00eancia e <br \/>Seguran\u00e7a Org\u00e2nica \u2013 GISO\/SERES, da Pol\u00edcia Rodovi\u00e1ria Federal \u2013 PRF e da Pol\u00edcia Civil de S\u00e3o Paulo &#8211; PCSP.<\/p>\n<p style=\"text-align: justify;\">Os detalhes da referida opera\u00e7\u00e3o ser\u00e3o divulgados pela Assessoria de Comunica\u00e7\u00e3o da Pol\u00edcia Civil, em momento oportuno.<\/p>\n\n\n<figure class=\"wp-block-image size-large\"><img loading=\"lazy\" decoding=\"async\" width=\"1024\" height=\"576\" src=\"https:\/\/blogdoedvaldomagalhaes.com.br\/wp-content\/uploads\/2022\/10\/IMG-20221014-WA0070-1024x576.jpg\" alt=\"\" class=\"wp-image-88952\" srcset=\"https:\/\/blogdoedvaldomagalhaes.com.br\/wp-content\/uploads\/2022\/10\/IMG-20221014-WA0070-1024x576.jpg 1024w, https:\/\/blogdoedvaldomagalhaes.com.br\/wp-content\/uploads\/2022\/10\/IMG-20221014-WA0070-300x169.jpg 300w, https:\/\/blogdoedvaldomagalhaes.com.br\/wp-content\/uploads\/2022\/10\/IMG-20221014-WA0070-768x432.jpg 768w, https:\/\/blogdoedvaldomagalhaes.com.br\/wp-content\/uploads\/2022\/10\/IMG-20221014-WA0070-1536x864.jpg 1536w, https:\/\/blogdoedvaldomagalhaes.com.br\/wp-content\/uploads\/2022\/10\/IMG-20221014-WA0070-1140x641.jpg 1140w, https:\/\/blogdoedvaldomagalhaes.com.br\/wp-content\/uploads\/2022\/10\/IMG-20221014-WA0070-720x405.jpg 720w, https:\/\/blogdoedvaldomagalhaes.com.br\/wp-content\/uploads\/2022\/10\/IMG-20221014-WA0070.jpg 1600w\" sizes=\"auto, (max-width: 1024px) 100vw, 1024px\" \/><figcaption>Fotos: Divulga\u00e7\u00e3o<\/figcaption><\/figure>\n","protected":false},"excerpt":{"rendered":"<p>A Pol\u00edcia Civil de Pernambuco desencadeou na manh\u00e3 desta sexta-feira, (14), a 700\u00aa Opera\u00e7\u00e3o de Repress\u00e3o Qualificada de sua hist\u00f3ria&hellip;<\/p>\n","protected":false},"author":1,"featured_media":88951,"comment_status":"closed","ping_status":"open","sticky":false,"template":"","format":"standard","meta":{"footnotes":""},"categories":[14121],"tags":[2,19532,3406,25840],"class_list":["post-88950","post","type-post","status-publish","format-standard","has-post-thumbnail","hentry","category-policial","tag-blog-do-edvaldo-magalhaes","tag-blog-mais-acessado-e-visualizado-de-caruaru-e-regiao","tag-caruaru","tag-policia-civil-realiza-operacao-nesta-sexta-14-para-desarticular-organizacao-criminosa"],"_links":{"self":[{"href":"https:\/\/blogdoedvaldomagalhaes.com.br\/index.php\/wp-json\/wp\/v2\/posts\/88950","targetHints":{"allow":["GET"]}}],"collection":[{"href":"https:\/\/blogdoedvaldomagalhaes.com.br\/index.php\/wp-json\/wp\/v2\/posts"}],"about":[{"href":"https:\/\/blogdoedvaldomagalhaes.com.br\/index.php\/wp-json\/wp\/v2\/types\/post"}],"author":[{"embeddable":true,"href":"https:\/\/blogdoedvaldomagalhaes.com.br\/index.php\/wp-json\/wp\/v2\/users\/1"}],"replies":[{"embeddable":true,"href":"https:\/\/blogdoedvaldomagalhaes.com.br\/index.php\/wp-json\/wp\/v2\/comments?post=88950"}],"version-history":[{"count":3,"href":"https:\/\/blogdoedvaldomagalhaes.com.br\/index.php\/wp-json\/wp\/v2\/posts\/88950\/revisions"}],"predecessor-version":[{"id":88955,"href":"https:\/\/blogdoedvaldomagalhaes.com.br\/index.php\/wp-json\/wp\/v2\/posts\/88950\/revisions\/88955"}],"wp:featuredmedia":[{"embeddable":true,"href":"https:\/\/blogdoedvaldomagalhaes.com.br\/index.php\/wp-json\/wp\/v2\/media\/88951"}],"wp:attachment":[{"href":"https:\/\/blogdoedvaldomagalhaes.com.br\/index.php\/wp-json\/wp\/v2\/media?parent=88950"}],"wp:term":[{"taxonomy":"category","embeddable":true,"href":"https:\/\/blogdoedvaldomagalhaes.com.br\/index.php\/wp-json\/wp\/v2\/categories?post=88950"},{"taxonomy":"post_tag","embeddable":true,"href":"https:\/\/blogdoedvaldomagalhaes.com.br\/index.php\/wp-json\/wp\/v2\/tags?post=88950"}],"curies":[{"name":"wp","href":"https:\/\/api.w.org\/{rel}","templated":true}]}}