{"id":88945,"date":"2022-10-14T09:18:03","date_gmt":"2022-10-14T12:18:03","guid":{"rendered":"https:\/\/blogdoedvaldomagalhaes.com.br\/?p=88945"},"modified":"2022-10-14T13:38:42","modified_gmt":"2022-10-14T16:38:42","slug":"confira-o-que-abre-e-fecha-em-caruaru-segunda-17-dia-do-comerciario-professor-e-da-construcao-civil","status":"publish","type":"post","link":"https:\/\/blogdoedvaldomagalhaes.com.br\/index.php\/2022\/10\/14\/confira-o-que-abre-e-fecha-em-caruaru-segunda-17-dia-do-comerciario-professor-e-da-construcao-civil\/","title":{"rendered":"Confira o que abre e fecha em Caruaru segunda (17) dia do comerci\u00e1rio professor e da constru\u00e7\u00e3o civil"},"content":{"rendered":"<p style=\"text-align: justify;\"><span style=\"color: initial; font-size: revert;\">Nesta segunda-feira (17), ser\u00e1 comemorado o dia do comerci\u00e1rio, professor e da constru\u00e7\u00e3o civil, em Caruaru. O Blog do Edvaldo Magalh\u00e3es fez um levamento do que abre e fecha neste dia. O com\u00e9rcio estar\u00e1 fechado com exce\u00e7\u00e3o das lojas no entorno do Parque 18 de Maio na Feira da Sulanca; N\u00e3o haver\u00e1 aulas nas redes municipal, estadual e particular; A constru\u00e7\u00e3o civil no munic\u00edpio estar\u00e1 parada neste dia.<\/span><\/p>\n<p style=\"text-align: justify;\"><strong>Funcionam<\/strong>: \u00d3rg\u00e3os e entidades p\u00fablicos ir\u00e3o funcionar normalmente, bancos e casas lot\u00e9ricas estar\u00e3o abertos.<\/p>\n<p style=\"text-align: justify;\"><span style=\"font-size: revert; color: initial;\"><strong>Dia do Comerci\u00e1rio: <\/strong>A data \u00e9 comemorada todos os anos sempre as terceiras segundas-feiras do m\u00eas de outubro, por for\u00e7a da Lei Municipal N\u00ba 2.820 de 10 de novembro de 1985, e ainda garantida pela Conven\u00e7\u00e3o Coletiva de Trabalho firmada entre o SINDECC e os Sindicatos patronais. Nesta data todo comercio de Caruaru fica fechado, inclusive os Centros de Compras, como shopping e Polo Comercial. A \u00fanica exce\u00e7\u00e3o, por\u00e9m, \u00e9 o P\u00e1tio 18 de maio por conta da Feira da Sulanca, que funciona as segundas-feiras e que deveria ter nesta data o seu dia de funcionamento alterado em respeito a Lei Municipal e aos comerci\u00e1rios que tanto contribuem economicamente para o crescimento de nosso Munic\u00edpio.<\/span><\/p>\n<p style=\"text-align: justify;\">A Diretoria do SINDECC requereu junto a prefeitura de Caruaru, a mudan\u00e7a de dia de funcionamento da Feira da Sulanca, para garantir o\u00a0 tamb\u00e9m daqueles trabalhadores e trabalhadoras da Feira e de seu entorno, mas o pedido n\u00e3o foi aceito. A<span style=\"font-size: revert; color: initial;\"> Feira da Sulanca est\u00e1 mantida, os comerci\u00e1rios que trabalharem neste dia, ter\u00e3o direito a ajuda de custo no valor de R$ 58,00 (cinquenta e oito reais) para quem recebe o piso da categoria, ou valor equivalente a 1 (um) dia de trabalho, para os empregados quem recebem acima do piso da categoria, e ainda folga que deve ser concedida de ter\u00e7a a sexta-feira da mesma semana, mais vale transporte do dia. Abaixo, segue, rela\u00e7\u00e3o de ruas do P\u00e1tio 18 de maio e entorno que poder\u00e3o funcionar devido a realiza\u00e7\u00e3o da Feira da Sulanca. Apenas nas ruas: Luiz Paes, Limeira Rosal, Lourival Jos\u00e9 da Silva, Greg\u00f3rio de Matos, Capit\u00e3o Zez\u00e9, Samuel Campelo, Paulino C\u00e2mara, Alzira Vidal, Miguel de Sena, Jo\u00e3o de Barros, Azevedo Coutinho, Raul Leone Boa Ventura, Capit\u00e3o Lima dos Reis.<\/span><span style=\"font-size: revert; color: initial;\">\u00a0<\/span><\/p>\n<p style=\"text-align: justify;\"><span style=\"font-size: revert; color: initial;\">O SINDECC requereu junto a Gerencia Regional do Trabalho de Caruaru, FISCALIZA\u00c7\u00c3O, para esses dias.<\/span><\/p>\n<p style=\"text-align: justify;\"><span style=\"font-size: revert; color: initial;\">O Polo Caruaru estar\u00e1 fechado. O Centro de Compras e Lazer vai retornar as atividades na ter\u00e7a-feira (18), das 9h \u00e0s 18h.<\/span><\/p>\n<p style=\"text-align: justify;\"><span style=\"color: initial; font-size: revert;\"><strong>Dia do Professor<\/strong>: Em conformidade com o Sindicato dos Profissionais do Magist\u00e9rio P\u00fablico das Redes Municipais de Ensino de Pernambuco (Sinduprom), a Secretaria de Educa\u00e7\u00e3o e Esportes de Caruaru (Seduc) informa que o feriado escolar em alus\u00e3o ao Dia do Professor, comemorado em 15 de outubro acontecer\u00e1 nesta segunda-feira (17).<\/span><\/p>\n<p style=\"text-align: justify;\">A mudan\u00e7a foi ocasionada devido ao dia 15, em 2022, cair num s\u00e1bado, que \u00e9 um dia n\u00e3o letivo. Portanto, na pr\u00f3xima segunda-feira (17), n\u00e3o haver\u00e1 aula na rede municipal de educa\u00e7\u00e3o, retomando as atividades normais, na ter\u00e7a-feira (18).<\/p>\n<p style=\"text-align: justify;\">O feriado tamb\u00e9m se estender\u00e1 para o funcionamento das atividades na sede de Secretaria Municipal de Educa\u00e7\u00e3o. Foto: Jana\u00edna Pepeu.<\/p>\n<p style=\"text-align: justify;\">Se inscreva no canal do Blog do Edvaldo Magalh\u00e3es no YouTube e siga no Instagram.<\/p>\n","protected":false},"excerpt":{"rendered":"<p>Nesta segunda-feira (17), ser\u00e1 comemorado o dia do comerci\u00e1rio, professor e da constru\u00e7\u00e3o civil, em Caruaru. O Blog do Edvaldo&hellip;<\/p>\n","protected":false},"author":1,"featured_media":88946,"comment_status":"closed","ping_status":"open","sticky":false,"template":"","format":"standard","meta":{"footnotes":""},"categories":[14120],"tags":[2,19532,3406,25839],"class_list":["post-88945","post","type-post","status-publish","format-standard","has-post-thumbnail","hentry","category-noticias","tag-blog-do-edvaldo-magalhaes","tag-blog-mais-acessado-e-visualizado-de-caruaru-e-regiao","tag-caruaru","tag-confira-o-que-abre-e-fecha-em-caruaru-segunda-17-dia-do-comerciario-professor-e-da-construcao-civil"],"_links":{"self":[{"href":"https:\/\/blogdoedvaldomagalhaes.com.br\/index.php\/wp-json\/wp\/v2\/posts\/88945","targetHints":{"allow":["GET"]}}],"collection":[{"href":"https:\/\/blogdoedvaldomagalhaes.com.br\/index.php\/wp-json\/wp\/v2\/posts"}],"about":[{"href":"https:\/\/blogdoedvaldomagalhaes.com.br\/index.php\/wp-json\/wp\/v2\/types\/post"}],"author":[{"embeddable":true,"href":"https:\/\/blogdoedvaldomagalhaes.com.br\/index.php\/wp-json\/wp\/v2\/users\/1"}],"replies":[{"embeddable":true,"href":"https:\/\/blogdoedvaldomagalhaes.com.br\/index.php\/wp-json\/wp\/v2\/comments?post=88945"}],"version-history":[{"count":4,"href":"https:\/\/blogdoedvaldomagalhaes.com.br\/index.php\/wp-json\/wp\/v2\/posts\/88945\/revisions"}],"predecessor-version":[{"id":88962,"href":"https:\/\/blogdoedvaldomagalhaes.com.br\/index.php\/wp-json\/wp\/v2\/posts\/88945\/revisions\/88962"}],"wp:featuredmedia":[{"embeddable":true,"href":"https:\/\/blogdoedvaldomagalhaes.com.br\/index.php\/wp-json\/wp\/v2\/media\/88946"}],"wp:attachment":[{"href":"https:\/\/blogdoedvaldomagalhaes.com.br\/index.php\/wp-json\/wp\/v2\/media?parent=88945"}],"wp:term":[{"taxonomy":"category","embeddable":true,"href":"https:\/\/blogdoedvaldomagalhaes.com.br\/index.php\/wp-json\/wp\/v2\/categories?post=88945"},{"taxonomy":"post_tag","embeddable":true,"href":"https:\/\/blogdoedvaldomagalhaes.com.br\/index.php\/wp-json\/wp\/v2\/tags?post=88945"}],"curies":[{"name":"wp","href":"https:\/\/api.w.org\/{rel}","templated":true}]}}