{"id":88937,"date":"2022-10-13T22:05:33","date_gmt":"2022-10-14T01:05:33","guid":{"rendered":"https:\/\/blogdoedvaldomagalhaes.com.br\/?p=88937"},"modified":"2022-10-13T23:56:56","modified_gmt":"2022-10-14T02:56:56","slug":"confira-a-programacao-da-29a-festa-de-santa-edwiges-em-caruaru","status":"publish","type":"post","link":"https:\/\/blogdoedvaldomagalhaes.com.br\/index.php\/2022\/10\/13\/confira-a-programacao-da-29a-festa-de-santa-edwiges-em-caruaru\/","title":{"rendered":"Confira a programa\u00e7\u00e3o da 29\u00aa Festa de Santa Edwiges em Caruaru"},"content":{"rendered":"<p style=\"text-align: justify;\">A 29\u00aa Festa de Santa Edwiges, na rua Ant\u00f4nio Carlos Ribeiro de Andrade, no bairro Vassoural, em Caruaru, foi iniciada na noite desta quinta-feira (13) e segue at\u00e9 domingo (16), com realiza\u00e7\u00e3o da comunidade Santa Edwiges, que faz parte da Par\u00f3quia S\u00e3o Jos\u00e9 do bairro Petr\u00f3polis. A festa tem como tema \u201cSanta Edwiges, dedicada a Santa Vontade de Deus, Valei-me\u201d, com o objetivo de direcionar o olhar para saber perceber e compreender qual a vontade de Deus na vida das pessoas. Na programa\u00e7\u00e3o tem recita\u00e7\u00e3o de ter\u00e7os, quermesses, atra\u00e7\u00f5es culturais e prociss\u00e3o. C<span style=\"font-size: revert; color: initial;\">onfira:<\/span><\/p>\n<p style=\"text-align: justify;\"><strong>Sexta-feira (14)<\/strong><br \/>\nOra\u00e7\u00e3o do ter\u00e7o: 19h<br \/>\n19h30 \u2013 Celebrante: Pe Jeferson<br \/>\nMinist\u00e9rio de m\u00fasica \u2013 Coral S\u00e3o Jos\u00e9<br \/>\nNoiteiros: Ter\u00e7o das mulheres, Pastoral da crian\u00e7a, Pastoral da fam\u00edlia, Pastoral do d\u00edzimo, Pastoral da acolhida, catequese da par\u00f3quia.<br \/>\nQuermesse: anima\u00e7\u00e3o cultural<\/p>\n<p style=\"text-align: justify;\"><strong>S\u00e1bado (15)<\/strong><br \/>\nOf\u00edcio de Nossa Senhora: 19h<br \/>\n19h30 \u2013 Celebrante: Pe. Francisco<br \/>\nMinist\u00e9rio e M\u00fasica: Ter\u00e7o dos homens<br \/>\nNoiteiros: Ter\u00e7o dos homens, Vicentinos, ECC, OVS, crismandos, Pastoral, lit\u00fargica<br \/>\nQuermesse: Anima\u00e7\u00e3o Leandro da Par\u00f3quia<\/p>\n<p style=\"text-align: justify;\"><strong>Domingo (16)<\/strong><br \/>\n17h \u2013 Prociss\u00e3o com a imagem de Santa Edwiges pelas ruas acompanhada pela banda musical Vida Nova. Encerrando com a Santa Missa<br \/>\nCelebrante: Pe Alexsandro Jorge da Silva<br \/>\nMinist\u00e9rio de m\u00fasica: Coral S\u00e3o Sebasti\u00e3o<br \/>\nNoiteiros \u2013 Comunidades: Santa Teresa Verzesi, Nossa Senhora Auxiliadora, Nossa Senhora do Perp\u00e9tuo Socorro, S\u00e3o Jo\u00e3o Batista, S\u00e3o Jo\u00e3o Paulo II, Sagrado Cora\u00e7\u00e3o de Jesus, S\u00e3o Sebasti\u00e3o do Alto da Banana, Irmandade do Escapul\u00e1rio de Nossa Senhora do Carmo, Irm\u00e3s Filhas do Sagrado Cora\u00e7\u00e3o de Jesus, COMIPA, Apostolado da Ora\u00e7\u00e3o, Legi\u00e3o de Maria, Movimento da M\u00e3o Rainha, comunidades de outras par\u00f3quias, popula\u00e7\u00e3o em geral.<br \/>\nQuermesse: Anima\u00e7\u00e3o cultural.<\/p>\n<p style=\"text-align: justify;\">Foto: Reprodu\u00e7\u00e3o.<\/p>\n<p style=\"text-align: justify;\">Se inscreva no canal do Blog do Edvaldo Magalh\u00e3es no YouTube e siga no Instagram.<\/p>\n","protected":false},"excerpt":{"rendered":"<p>A 29\u00aa Festa de Santa Edwiges, na rua Ant\u00f4nio Carlos Ribeiro de Andrade, no bairro Vassoural, em Caruaru, foi iniciada&hellip;<\/p>\n","protected":false},"author":1,"featured_media":88942,"comment_status":"closed","ping_status":"open","sticky":false,"template":"","format":"standard","meta":{"footnotes":""},"categories":[14120],"tags":[2,19532,3406,25838],"class_list":["post-88937","post","type-post","status-publish","format-standard","has-post-thumbnail","hentry","category-noticias","tag-blog-do-edvaldo-magalhaes","tag-blog-mais-acessado-e-visualizado-de-caruaru-e-regiao","tag-caruaru","tag-confira-a-programacao-da-29a-festa-de-santa-edwiges-em-caruaru"],"_links":{"self":[{"href":"https:\/\/blogdoedvaldomagalhaes.com.br\/index.php\/wp-json\/wp\/v2\/posts\/88937","targetHints":{"allow":["GET"]}}],"collection":[{"href":"https:\/\/blogdoedvaldomagalhaes.com.br\/index.php\/wp-json\/wp\/v2\/posts"}],"about":[{"href":"https:\/\/blogdoedvaldomagalhaes.com.br\/index.php\/wp-json\/wp\/v2\/types\/post"}],"author":[{"embeddable":true,"href":"https:\/\/blogdoedvaldomagalhaes.com.br\/index.php\/wp-json\/wp\/v2\/users\/1"}],"replies":[{"embeddable":true,"href":"https:\/\/blogdoedvaldomagalhaes.com.br\/index.php\/wp-json\/wp\/v2\/comments?post=88937"}],"version-history":[{"count":3,"href":"https:\/\/blogdoedvaldomagalhaes.com.br\/index.php\/wp-json\/wp\/v2\/posts\/88937\/revisions"}],"predecessor-version":[{"id":88944,"href":"https:\/\/blogdoedvaldomagalhaes.com.br\/index.php\/wp-json\/wp\/v2\/posts\/88937\/revisions\/88944"}],"wp:featuredmedia":[{"embeddable":true,"href":"https:\/\/blogdoedvaldomagalhaes.com.br\/index.php\/wp-json\/wp\/v2\/media\/88942"}],"wp:attachment":[{"href":"https:\/\/blogdoedvaldomagalhaes.com.br\/index.php\/wp-json\/wp\/v2\/media?parent=88937"}],"wp:term":[{"taxonomy":"category","embeddable":true,"href":"https:\/\/blogdoedvaldomagalhaes.com.br\/index.php\/wp-json\/wp\/v2\/categories?post=88937"},{"taxonomy":"post_tag","embeddable":true,"href":"https:\/\/blogdoedvaldomagalhaes.com.br\/index.php\/wp-json\/wp\/v2\/tags?post=88937"}],"curies":[{"name":"wp","href":"https:\/\/api.w.org\/{rel}","templated":true}]}}