{"id":88932,"date":"2022-10-13T17:19:01","date_gmt":"2022-10-13T20:19:01","guid":{"rendered":"https:\/\/blogdoedvaldomagalhaes.com.br\/?p=88932"},"modified":"2022-10-13T17:19:04","modified_gmt":"2022-10-13T20:19:04","slug":"confira-as-proposituras-apresentadas-pelo-vereador-irmao-ronaldo-na-camara-de-caruaru","status":"publish","type":"post","link":"https:\/\/blogdoedvaldomagalhaes.com.br\/index.php\/2022\/10\/13\/confira-as-proposituras-apresentadas-pelo-vereador-irmao-ronaldo-na-camara-de-caruaru\/","title":{"rendered":"Confira as proposituras apresentadas pelo vereador Irm\u00e3o Ronaldo na C\u00e2mara de Caruaru"},"content":{"rendered":"<p style=\"text-align: justify;\"><b>REQUERIMENTOS SOLICITADOS DE AUTORIA DO VEREADOR IRM\u00c3O RONALDO\u00a0<\/b><\/p>\n<p style=\"text-align: justify;\"><a href=\"https:\/\/sapl.caruaru.pe.leg.br\/materia\/27569\"><span style=\"font-weight: 400;\">REQUERIMENTO n\u00ba 2715 de 2022<\/span><\/a> <span style=\"font-weight: 400;\">Reiterando requerimento 440\/2021 para que viabilizem para que seja viabilizada a constru\u00e7\u00e3o de uma pra\u00e7a no espa\u00e7o j\u00e1 dispon\u00edvel \u201cEntre as ruas\u201d: Jos\u00e9 Claudino de Macedo e Rua R 16, Bairro: Jardim Boa Vista, nesta Cidade.<\/span><\/p>\n<p style=\"text-align: justify;\"><a href=\"https:\/\/sapl.caruaru.pe.leg.br\/materia\/27570\"><span style=\"font-weight: 400;\">REQUERIMENTO n\u00ba 2716 de 2022<\/span><\/a> <span style=\"font-weight: 400;\">Reiterando requerimento 769\/2021 para ok que se viabilize o Estudo do ponto de Moto T\u00e1xi na Travessa Rio Branco, e todos que est\u00e3o devidamente regulamentados para implanta\u00e7\u00e3o de estrutura coberta do modelo padr\u00e3o j\u00e1 existente em outros pontos da cidade.<\/span><\/p>\n<p style=\"text-align: justify;\"><a href=\"https:\/\/sapl.caruaru.pe.leg.br\/materia\/27571\"><span style=\"font-weight: 400;\">REQUERIMENTO n\u00ba 2717 de 2022<\/span><\/a> <span style=\"font-weight: 400;\">Reiterando requerimento 770\/2021 para que se viabilize o Estudo do ponto de T\u00e1xi na Avenida Rio Branco, e todos que est\u00e3o devidamente regulamentados para implanta\u00e7\u00e3o de estrutura coberta do modelo padr\u00e3o j\u00e1 existente em pontos de \u00f4nibus no centro da cidade, e real\u00e7ar a sinaliza\u00e7\u00e3o horizontal e vertical no ch\u00e3o, separando os espa\u00e7os de cada t\u00e1xi, bem como colocando placas para proibir que outros ve\u00edculos estacionem nos pontos de t\u00e1xi.<\/span><\/p>\n<p style=\"text-align: justify;\"><a href=\"https:\/\/sapl.caruaru.pe.leg.br\/materia\/27573\"><span style=\"font-weight: 400;\">REQUERIMENTO n\u00ba 2719 de 2022<\/span><\/a> <span style=\"font-weight: 400;\">Reiterando requerimento 927\/2021 para que se viabilize a Constru\u00e7\u00e3o de cal\u00e7amento, Saneamento B\u00e1sico e fixa\u00e7\u00e3o das placas constando o Nome e CEP das ruas: RUA ADEILTON LOUREN\u00c7O DA SILVA, RUA MARIA LEOPOLDINA DO NASCIMENTO e RUA JOSINA TORRES ambas localizadas no bairro Posto Agamenon.<\/span><\/p>\n<p style=\"text-align: justify;\"><a href=\"https:\/\/sapl.caruaru.pe.leg.br\/materia\/27574\"><span style=\"font-weight: 400;\">REQUERIMENTO n\u00ba 2720 de 2022<\/span><\/a> <span style=\"font-weight: 400;\">Reiterando requerimento 973\/2021 para que se viabilize a Constru\u00e7\u00e3o de uma Pra\u00e7a Moderna no espa\u00e7o que fica Localizado em frente \u00e0 Igreja Cat\u00f3lica, na Rua J\u00e2nio Quadros, bairro Jardim Panorama.<\/span><\/p>\n<p style=\"text-align: justify;\"><b>PROJETOS QUE SE TORNARAM\u00a0 LEI DE AUTORIA DO VEREADOR IRM\u00c3O RONALDO\u00a0<\/b><\/p>\n<p style=\"text-align: justify;\"><span style=\"font-weight: 400;\">LEI N\u00ba 6.717, DE 4 DE AGOSTO DE 2021. Institui a Semana da Cultura Evang\u00e9lica no Munic\u00edpio de Caruaru.<\/span><\/p>\n<p style=\"text-align: justify;\"><span style=\"font-weight: 400;\">LEI N\u00ba 6.771, DE 20 DE OUTUBRO DE 2021. Institui o Dia dos Jovens Crist\u00e3os, no Calend\u00e1rio Oficial do Munic\u00edpio de Caruaru, e d\u00e1 outras provid\u00eancias.<\/span><\/p>\n<p style=\"text-align: justify;\"><span style=\"font-weight: 400;\">LEI N\u00ba 6.770, DE 20 DE OUTUBRO DE 2021. Institui a Semana de Conscientiza\u00e7\u00e3o Sobre a Inclus\u00e3o Social das Pessoas com Defici\u00eancia que dar-se-\u00e1 anualmente, na segunda semana de novembro.<\/span><\/p>\n","protected":false},"excerpt":{"rendered":"<p>REQUERIMENTOS SOLICITADOS DE AUTORIA DO VEREADOR IRM\u00c3O RONALDO\u00a0 REQUERIMENTO n\u00ba 2715 de 2022 Reiterando requerimento 440\/2021 para que viabilizem para&hellip;<\/p>\n","protected":false},"author":1,"featured_media":86148,"comment_status":"closed","ping_status":"open","sticky":false,"template":"","format":"standard","meta":{"footnotes":""},"categories":[14122],"tags":[2,19532,25836,20],"class_list":["post-88932","post","type-post","status-publish","format-standard","has-post-thumbnail","hentry","category-politica","tag-blog-do-edvaldo-magalhaes","tag-blog-mais-acessado-e-visualizado-de-caruaru-e-regiao","tag-confira-as-proposituras-apresentadas-pelo-vereador-irmao-ronaldo-na-camara-de-caruaru","tag-politica"],"_links":{"self":[{"href":"https:\/\/blogdoedvaldomagalhaes.com.br\/index.php\/wp-json\/wp\/v2\/posts\/88932","targetHints":{"allow":["GET"]}}],"collection":[{"href":"https:\/\/blogdoedvaldomagalhaes.com.br\/index.php\/wp-json\/wp\/v2\/posts"}],"about":[{"href":"https:\/\/blogdoedvaldomagalhaes.com.br\/index.php\/wp-json\/wp\/v2\/types\/post"}],"author":[{"embeddable":true,"href":"https:\/\/blogdoedvaldomagalhaes.com.br\/index.php\/wp-json\/wp\/v2\/users\/1"}],"replies":[{"embeddable":true,"href":"https:\/\/blogdoedvaldomagalhaes.com.br\/index.php\/wp-json\/wp\/v2\/comments?post=88932"}],"version-history":[{"count":1,"href":"https:\/\/blogdoedvaldomagalhaes.com.br\/index.php\/wp-json\/wp\/v2\/posts\/88932\/revisions"}],"predecessor-version":[{"id":88933,"href":"https:\/\/blogdoedvaldomagalhaes.com.br\/index.php\/wp-json\/wp\/v2\/posts\/88932\/revisions\/88933"}],"wp:featuredmedia":[{"embeddable":true,"href":"https:\/\/blogdoedvaldomagalhaes.com.br\/index.php\/wp-json\/wp\/v2\/media\/86148"}],"wp:attachment":[{"href":"https:\/\/blogdoedvaldomagalhaes.com.br\/index.php\/wp-json\/wp\/v2\/media?parent=88932"}],"wp:term":[{"taxonomy":"category","embeddable":true,"href":"https:\/\/blogdoedvaldomagalhaes.com.br\/index.php\/wp-json\/wp\/v2\/categories?post=88932"},{"taxonomy":"post_tag","embeddable":true,"href":"https:\/\/blogdoedvaldomagalhaes.com.br\/index.php\/wp-json\/wp\/v2\/tags?post=88932"}],"curies":[{"name":"wp","href":"https:\/\/api.w.org\/{rel}","templated":true}]}}