{"id":88929,"date":"2022-10-13T11:23:12","date_gmt":"2022-10-13T14:23:12","guid":{"rendered":"https:\/\/blogdoedvaldomagalhaes.com.br\/?p=88929"},"modified":"2022-10-13T11:23:14","modified_gmt":"2022-10-13T14:23:14","slug":"jorge-quintino-cumpre-agenda-com-marilia-arraes-em-caruaru","status":"publish","type":"post","link":"https:\/\/blogdoedvaldomagalhaes.com.br\/index.php\/2022\/10\/13\/jorge-quintino-cumpre-agenda-com-marilia-arraes-em-caruaru\/","title":{"rendered":"Jorge Quintino cumpre agenda com Mar\u00edlia Arraes em Caruaru"},"content":{"rendered":"<p style=\"text-align: justify;\"><span style=\"color: initial; font-size: revert;\">O vereador Jorge Quintino recepcionou Mar\u00edlia Arraes, ambos do Solidariedade, nesta quinta-feira (13, em Caruaru. No encontro, a candidata a governadora foi presenteada com um cordel sobre ela, feito pelo cordelista Ivaldo Batista. Jorge foi um dos grandes apoiadores da candidatura de Mar\u00edlia e Lula no primeiro turno e esse trabalho se intensifica tamb\u00e9m neste segundo turno das elei\u00e7\u00f5es.<\/span><\/p>\n<p style=\"text-align: justify;\">Entre outros eventos, os dois estar\u00e3o juntos em encontro promovido pela Associa\u00e7\u00e3o Comercial de Caruaru (Acic), onde a candidata ao Governo do Estado vai apresentar as suas propostas. Tamb\u00e9m haver\u00e1 entrevistas e um almo\u00e7o de Mar\u00edlia com a coordena\u00e7\u00e3o da campanha em Caruaru. Foto: Divulga\u00e7\u00e3o.<\/p>\n<p>\u201cAgora estamos trabalhando muito para eleger Mar\u00edlia Arraes governadora e Lula presidente do Brasil. Acho que precisamos deixar claro para os pernambucanos que n\u00f3s estamos do lado de Lula, do lado da democracia\u201d, destacou Jorge Quintino.<\/p>\n<p style=\"text-align: justify;\">Jorge \u00e9 presidente da Comiss\u00e3o de Educa\u00e7\u00e3o, Cultura e Esportes, e da Comiss\u00e3o de Meio Ambiente, al\u00e9m de membro da Comiss\u00e3o de Finan\u00e7as e Or\u00e7amento da C\u00e2mara de Vereadores de Caruaru. Conhe\u00e7a mais em @jorgequintinooficial<\/p>\n<p style=\"text-align: justify;\">Se inscreva no canal do Blog do Edvaldo Magalh\u00e3es no YouTube e siga no Instagram.<\/p>\n","protected":false},"excerpt":{"rendered":"<p>O vereador Jorge Quintino recepcionou Mar\u00edlia Arraes, ambos do Solidariedade, nesta quinta-feira (13, em Caruaru. No encontro, a candidata a&hellip;<\/p>\n","protected":false},"author":1,"featured_media":88930,"comment_status":"closed","ping_status":"open","sticky":false,"template":"","format":"standard","meta":{"footnotes":""},"categories":[14122],"tags":[2,19532,3406,19613,25835,20],"class_list":["post-88929","post","type-post","status-publish","format-standard","has-post-thumbnail","hentry","category-politica","tag-blog-do-edvaldo-magalhaes","tag-blog-mais-acessado-e-visualizado-de-caruaru-e-regiao","tag-caruaru","tag-eleicoes","tag-jorge-quintino-cumpre-agenda-com-marilia-arraes-em-caruaru","tag-politica"],"_links":{"self":[{"href":"https:\/\/blogdoedvaldomagalhaes.com.br\/index.php\/wp-json\/wp\/v2\/posts\/88929","targetHints":{"allow":["GET"]}}],"collection":[{"href":"https:\/\/blogdoedvaldomagalhaes.com.br\/index.php\/wp-json\/wp\/v2\/posts"}],"about":[{"href":"https:\/\/blogdoedvaldomagalhaes.com.br\/index.php\/wp-json\/wp\/v2\/types\/post"}],"author":[{"embeddable":true,"href":"https:\/\/blogdoedvaldomagalhaes.com.br\/index.php\/wp-json\/wp\/v2\/users\/1"}],"replies":[{"embeddable":true,"href":"https:\/\/blogdoedvaldomagalhaes.com.br\/index.php\/wp-json\/wp\/v2\/comments?post=88929"}],"version-history":[{"count":1,"href":"https:\/\/blogdoedvaldomagalhaes.com.br\/index.php\/wp-json\/wp\/v2\/posts\/88929\/revisions"}],"predecessor-version":[{"id":88931,"href":"https:\/\/blogdoedvaldomagalhaes.com.br\/index.php\/wp-json\/wp\/v2\/posts\/88929\/revisions\/88931"}],"wp:featuredmedia":[{"embeddable":true,"href":"https:\/\/blogdoedvaldomagalhaes.com.br\/index.php\/wp-json\/wp\/v2\/media\/88930"}],"wp:attachment":[{"href":"https:\/\/blogdoedvaldomagalhaes.com.br\/index.php\/wp-json\/wp\/v2\/media?parent=88929"}],"wp:term":[{"taxonomy":"category","embeddable":true,"href":"https:\/\/blogdoedvaldomagalhaes.com.br\/index.php\/wp-json\/wp\/v2\/categories?post=88929"},{"taxonomy":"post_tag","embeddable":true,"href":"https:\/\/blogdoedvaldomagalhaes.com.br\/index.php\/wp-json\/wp\/v2\/tags?post=88929"}],"curies":[{"name":"wp","href":"https:\/\/api.w.org\/{rel}","templated":true}]}}