{"id":889,"date":"2018-10-26T20:33:00","date_gmt":"2018-10-26T22:33:00","guid":{"rendered":"http:\/\/blogdoedvaldomagalhaes.com.br\/index.php\/2018\/10\/26\/casem-caruaru-recebe-doacao-de\/"},"modified":"2019-02-09T02:37:01","modified_gmt":"2019-02-09T04:37:01","slug":"casem-caruaru-recebe-doacao-de","status":"publish","type":"post","link":"https:\/\/blogdoedvaldomagalhaes.com.br\/index.php\/2018\/10\/26\/casem-caruaru-recebe-doacao-de\/","title":{"rendered":"Casem Caruaru recebe doa\u00e7\u00e3o de eletrodom\u00e9sticos de empresa do munic\u00edpio"},"content":{"rendered":"<div class=\"separator\" style=\"clear: both; text-align: center;\">\n<a href=\"https:\/\/4.bp.blogspot.com\/-Pc4Fck1GtOc\/W9N5-gGydwI\/AAAAAAAA8cs\/3HAH0kFRIpwe0pkswgPHnzDh72gzC-6eACLcBGAs\/s1600\/case.jpg\" imageanchor=\"1\" style=\"margin-left: 1em; margin-right: 1em;\"><img loading=\"lazy\" decoding=\"async\" border=\"0\" data-original-height=\"410\" data-original-width=\"748\" height=\"350\" src=\"http:\/\/blogdoedvaldomagalhaes.com.br\/wp-content\/uploads\/2018\/10\/case.jpg\" width=\"640\" \/><\/a><\/div>\n<div class=\"MsoNormal\" style=\"background: none 0% 0% repeat scroll white; line-height: normal; margin: 0cm 0cm 0.0001pt; text-align: justify;\">\n<\/div>\n<div class=\"MsoNormal\" style=\"background: none 0% 0% repeat scroll white; line-height: normal; margin: 0cm 0cm 0.0001pt; text-align: justify;\">\nO interesse de institui\u00e7\u00f5es parceiras nas a\u00e7\u00f5es desenvolvidas pela Funda\u00e7\u00e3o de Atendimento Socioeducativo (Funase) tem sido importante para avan\u00e7os na reinser\u00e7\u00e3o social de adolescentes e jovens. Em Caruaru, no Agreste do Estado, a Casa de Semiliberdade (Casem) foi contemplada, nesta semana, com a doa\u00e7\u00e3o de eletrodom\u00e9sticos. O material dar\u00e1 ainda mais qualidade ao ambiente de trabalho dos funcion\u00e1rios e aos espa\u00e7os de atendimento dos socioeducandos. A benfeitoria foi articulada pela coordena\u00e7\u00e3o geral da unidade com apoio do juiz Jos\u00e9 Fernando Santos, da Vara Regional da Inf\u00e2ncia e Juventude sediada no munic\u00edpio.<\/div>\n<div class=\"MsoNormal\" style=\"background: none 0% 0% repeat scroll white; line-height: normal; margin: 0cm 0cm 0.0001pt; text-align: justify;\">\n<\/div>\n<div class=\"MsoNormal\" style=\"background: none 0% 0% repeat scroll white; line-height: normal; margin: 0cm 0cm 0.0001pt; text-align: justify;\">\nA empresa doadora foi o Caruaru da Sorte. Foram entregues \u00e0 Casem Caruaru um bebedouro, um aparelho de ar condicionado de 9.000 BTUs, um televisor de 32 polegadas e um forno micro-ondas de 21 litros. \u201cRecebemos os representantes da empresa, todos n\u00f3s que est\u00e1vamos presentes na unidade, e foi um momento de muita gratid\u00e3o a todos os envolvidos nessas doa\u00e7\u00f5es, pelo reconhecimento ao trabalho que \u00e9 desenvolvido na nossa unidade\u201d, disse a coordenadora geral da Casem Caruaru, Anabel Brand\u00e3o.<\/div>\n<div class=\"MsoNormal\" style=\"background: none 0% 0% repeat scroll white; line-height: normal; margin: 0cm 0cm 0.0001pt; text-align: justify;\">\n<\/div>\n<div class=\"MsoNormal\" style=\"background: none 0% 0% repeat scroll white; line-height: normal; margin: 0cm 0cm 0.0001pt; text-align: justify;\">\nNa unidade, tamb\u00e9m s\u00e3o as doa\u00e7\u00f5es que asseguram a realiza\u00e7\u00e3o de oficinas de artes com os socioeducandos. Materiais que n\u00e3o seriam mais usados em suas finalidades originais, como pneus, por exemplo, s\u00e3o aproveitados na confec\u00e7\u00e3o de m\u00f3veis e pe\u00e7as de decora\u00e7\u00e3o. Com a venda das produ\u00e7\u00f5es, os valores arrecadados s\u00e3o revertidos \u00e0 compra de mais materiais e divididos com os adolescentes que participam das atividades.&nbsp;<\/div>\n<div class=\"MsoNormal\" style=\"background: none 0% 0% repeat scroll white; line-height: normal; margin: 0cm 0cm 0.0001pt; text-align: justify;\">\n<\/div>\n<div style=\"text-align: justify;\">\n<\/div>\n","protected":false},"excerpt":{"rendered":"<p>O interesse de institui\u00e7\u00f5es parceiras nas a\u00e7\u00f5es desenvolvidas pela Funda\u00e7\u00e3o de Atendimento Socioeducativo (Funase) tem sido importante para avan\u00e7os na&hellip;<\/p>\n","protected":false},"author":1,"featured_media":0,"comment_status":"open","ping_status":"open","sticky":false,"template":"","format":"standard","meta":{"footnotes":""},"categories":[1],"tags":[2,839,6],"class_list":["post-889","post","type-post","status-publish","format-standard","hentry","category-sem-categoria","tag-blog-do-edvaldo-magalhaes","tag-casem-caruaru-recebe-doacao-de-eletrodomesticos-de-empresa-do-municipio","tag-noticias"],"_links":{"self":[{"href":"https:\/\/blogdoedvaldomagalhaes.com.br\/index.php\/wp-json\/wp\/v2\/posts\/889","targetHints":{"allow":["GET"]}}],"collection":[{"href":"https:\/\/blogdoedvaldomagalhaes.com.br\/index.php\/wp-json\/wp\/v2\/posts"}],"about":[{"href":"https:\/\/blogdoedvaldomagalhaes.com.br\/index.php\/wp-json\/wp\/v2\/types\/post"}],"author":[{"embeddable":true,"href":"https:\/\/blogdoedvaldomagalhaes.com.br\/index.php\/wp-json\/wp\/v2\/users\/1"}],"replies":[{"embeddable":true,"href":"https:\/\/blogdoedvaldomagalhaes.com.br\/index.php\/wp-json\/wp\/v2\/comments?post=889"}],"version-history":[{"count":1,"href":"https:\/\/blogdoedvaldomagalhaes.com.br\/index.php\/wp-json\/wp\/v2\/posts\/889\/revisions"}],"predecessor-version":[{"id":35285,"href":"https:\/\/blogdoedvaldomagalhaes.com.br\/index.php\/wp-json\/wp\/v2\/posts\/889\/revisions\/35285"}],"wp:attachment":[{"href":"https:\/\/blogdoedvaldomagalhaes.com.br\/index.php\/wp-json\/wp\/v2\/media?parent=889"}],"wp:term":[{"taxonomy":"category","embeddable":true,"href":"https:\/\/blogdoedvaldomagalhaes.com.br\/index.php\/wp-json\/wp\/v2\/categories?post=889"},{"taxonomy":"post_tag","embeddable":true,"href":"https:\/\/blogdoedvaldomagalhaes.com.br\/index.php\/wp-json\/wp\/v2\/tags?post=889"}],"curies":[{"name":"wp","href":"https:\/\/api.w.org\/{rel}","templated":true}]}}