{"id":88846,"date":"2022-10-11T19:46:56","date_gmt":"2022-10-11T22:46:56","guid":{"rendered":"https:\/\/blogdoedvaldomagalhaes.com.br\/?p=88846"},"modified":"2022-10-12T21:20:39","modified_gmt":"2022-10-13T00:20:39","slug":"fagner-fernandes-comemora-acoes-do-castramovel","status":"publish","type":"post","link":"https:\/\/blogdoedvaldomagalhaes.com.br\/index.php\/2022\/10\/11\/fagner-fernandes-comemora-acoes-do-castramovel\/","title":{"rendered":"Fagner Fernandes comemora a\u00e7\u00f5es do castram\u00f3vel"},"content":{"rendered":"<p style=\"text-align: justify;\"><span style=\"font-size: revert; color: initial;\">Na manh\u00e3 desta ter\u00e7a-feira (11), o vereador Fagner Fernandes (PDT) acompanhou a a\u00e7\u00e3o do castram\u00f3vel, que esteve no Residencial Alto do Moura, para realizar a castra\u00e7\u00e3o de 30 animais.<\/span><\/p>\n<p style=\"text-align: justify;\">Ainda em 2017, durante seu primeiro mandato, Fagner fez requerimento (39\/2017) para que a Prefeitura de Caruaru adquirisse o uma unidade m\u00f3vel de castra\u00e7\u00e3o, atendendo \u00e0 enorme demanda dos animais comunit\u00e1rios e de tutores carentes.<\/p>\n<p style=\"text-align: justify;\">Para o vereador, \u00e9 uma grande conquista para Caruaru. &#8220;Nossa cidade precisa ter pol\u00edticas p\u00fablicas voltadas para os animais, isso \u00e9 uma quest\u00e3o de sa\u00fade p\u00fablica. Assim que assumi o mandato de vereador, fiz o requerimento do castram\u00f3vel. Agora, podemos e devemos comemorar cada a\u00e7\u00e3o. Esta a\u00e7\u00e3o no Residencial Alto do Moura foi um requerimento meu, pois sei a quantidade de animais da localidade que precisam ser castrados. A castra\u00e7\u00e3o \u00e9 o \u00fanico caminho para reduzir a popula\u00e7\u00e3o de animais de rua, e eu sempre apostei nisso. Vamos lutar para que Caruaru seja modelo nas pol\u00edticas p\u00fablicas para os animais&#8221;, comemorou. Foto: Divulga\u00e7\u00e3o<\/p>\n<p style=\"text-align: justify;\">Se inscreva no canal do Blog do Edvaldo Magalh\u00e3es no YouTube e siga no Instagram.<\/p>\n","protected":false},"excerpt":{"rendered":"<p>Na manh\u00e3 desta ter\u00e7a-feira (11), o vereador Fagner Fernandes (PDT) acompanhou a a\u00e7\u00e3o do castram\u00f3vel, que esteve no Residencial Alto&hellip;<\/p>\n","protected":false},"author":1,"featured_media":88847,"comment_status":"closed","ping_status":"open","sticky":false,"template":"","format":"standard","meta":{"footnotes":""},"categories":[14122],"tags":[2,19532,25818,20],"class_list":["post-88846","post","type-post","status-publish","format-standard","has-post-thumbnail","hentry","category-politica","tag-blog-do-edvaldo-magalhaes","tag-blog-mais-acessado-e-visualizado-de-caruaru-e-regiao","tag-fagner-fernandes-comemora-acoes-do-castramovel","tag-politica"],"_links":{"self":[{"href":"https:\/\/blogdoedvaldomagalhaes.com.br\/index.php\/wp-json\/wp\/v2\/posts\/88846","targetHints":{"allow":["GET"]}}],"collection":[{"href":"https:\/\/blogdoedvaldomagalhaes.com.br\/index.php\/wp-json\/wp\/v2\/posts"}],"about":[{"href":"https:\/\/blogdoedvaldomagalhaes.com.br\/index.php\/wp-json\/wp\/v2\/types\/post"}],"author":[{"embeddable":true,"href":"https:\/\/blogdoedvaldomagalhaes.com.br\/index.php\/wp-json\/wp\/v2\/users\/1"}],"replies":[{"embeddable":true,"href":"https:\/\/blogdoedvaldomagalhaes.com.br\/index.php\/wp-json\/wp\/v2\/comments?post=88846"}],"version-history":[{"count":1,"href":"https:\/\/blogdoedvaldomagalhaes.com.br\/index.php\/wp-json\/wp\/v2\/posts\/88846\/revisions"}],"predecessor-version":[{"id":88848,"href":"https:\/\/blogdoedvaldomagalhaes.com.br\/index.php\/wp-json\/wp\/v2\/posts\/88846\/revisions\/88848"}],"wp:featuredmedia":[{"embeddable":true,"href":"https:\/\/blogdoedvaldomagalhaes.com.br\/index.php\/wp-json\/wp\/v2\/media\/88847"}],"wp:attachment":[{"href":"https:\/\/blogdoedvaldomagalhaes.com.br\/index.php\/wp-json\/wp\/v2\/media?parent=88846"}],"wp:term":[{"taxonomy":"category","embeddable":true,"href":"https:\/\/blogdoedvaldomagalhaes.com.br\/index.php\/wp-json\/wp\/v2\/categories?post=88846"},{"taxonomy":"post_tag","embeddable":true,"href":"https:\/\/blogdoedvaldomagalhaes.com.br\/index.php\/wp-json\/wp\/v2\/tags?post=88846"}],"curies":[{"name":"wp","href":"https:\/\/api.w.org\/{rel}","templated":true}]}}