{"id":88842,"date":"2022-10-11T19:28:26","date_gmt":"2022-10-11T22:28:26","guid":{"rendered":"https:\/\/blogdoedvaldomagalhaes.com.br\/?p=88842"},"modified":"2022-10-12T21:20:39","modified_gmt":"2022-10-13T00:20:39","slug":"ipec-em-pernambuco-raquel-tem-50-no-2o-turno-e-marilia-42","status":"publish","type":"post","link":"https:\/\/blogdoedvaldomagalhaes.com.br\/index.php\/2022\/10\/11\/ipec-em-pernambuco-raquel-tem-50-no-2o-turno-e-marilia-42\/","title":{"rendered":"Ipec em Pernambuco: Raquel tem 50% no 2\u00ba turno, e Mar\u00edlia, 42%"},"content":{"rendered":"<p style=\"text-align: justify;\">Pesquisa do Ipec divulgada nesta ter\u00e7a-feira (11), encomendada pela\u00a0<strong>Globo<\/strong>, aponta que a candidata\u00a0<a href=\"https:\/\/g1.globo.com\/politica\/politico\/raquel-texeira-lyra\/\">Raquel Lyra<\/a>\u00a0(<a href=\"https:\/\/g1.globo.com\/politica\/partido\/psdb\/\">PSDB<\/a>) tem 50% de inten\u00e7\u00e3o de votos no segundo turno e que a candidata\u00a0<a href=\"https:\/\/g1.globo.com\/politica\/politico\/marilia-arraes\/\">Mar\u00edlia Arraes<\/a>\u00a0(<a href=\"https:\/\/g1.globo.com\/politica\/partido\/sd\/\">Solidariedade<\/a>) tem 42%. Este \u00e9 o primeiro levantamento para o governo de Pernambuco do instituto ap\u00f3s o\u00a0<a href=\"https:\/\/g1.globo.com\/pe\/pernambuco\/eleicoes\/2022\/noticia\/2022\/10\/02\/marilia-arraes-e-raquel-lyra-disputam-segundo-turno-em-pernambuco.ghtml\">primeiro turno das elei\u00e7\u00f5es<\/a>.<\/p>\n<div class=\"mc-column content-text active-extra-styles \" style=\"text-align: justify;\" data-block-type=\"unstyled\" data-block-weight=\"53\" data-block-id=\"5\">\n<p class=\"content-text__container \" data-track-category=\"Link no Texto\" data-track-links=\"\">As entrevistas foram feitas entre domingo (9) e esta ter\u00e7a-feira (11). Foram ouvidas 2.000 pessoas em 75 munic\u00edpios pernambucanos. A margem de erro \u00e9 de dois pontos percentuais para mais ou para menos, considerando um n\u00edvel de confian\u00e7a de 95%. A pesquisa foi registrada no Tribunal Superior Eleitoral (TSE) sob o n\u00famero BR-04635\/2022.<\/p>\n<\/div>\n<div class=\"mc-column content-text active-extra-styles \" data-block-type=\"unstyled\" data-block-weight=\"20\" data-block-id=\"6\">\n<p class=\"content-text__container \" style=\"text-align: justify;\" data-track-category=\"Link no Texto\" data-track-links=\"\">De acordo com o Ipec, se a elei\u00e7\u00e3o fosse hoje, Raquel teria 54% dos votos v\u00e1lidos, e Mar\u00edlia, 46%. Foto: Reprodu\u00e7\u00e3o\/Redes Sociais.<\/p>\n<p style=\"text-align: justify;\" data-track-category=\"Link no Texto\" data-track-links=\"\">Se inscreva no canal do Blog do Edvaldo Magalh\u00e3es no YouTube e siga no Instagram.<\/p>\n<\/div>\n","protected":false},"excerpt":{"rendered":"<p>Pesquisa do Ipec divulgada nesta ter\u00e7a-feira (11), encomendada pela\u00a0Globo, aponta que a candidata\u00a0Raquel Lyra\u00a0(PSDB) tem 50% de inten\u00e7\u00e3o de votos&hellip;<\/p>\n","protected":false},"author":1,"featured_media":88844,"comment_status":"closed","ping_status":"open","sticky":false,"template":"","format":"standard","meta":{"footnotes":""},"categories":[14122],"tags":[2,19532,3406,19613,2016,25322,20,1229],"class_list":["post-88842","post","type-post","status-publish","format-standard","has-post-thumbnail","hentry","category-politica","tag-blog-do-edvaldo-magalhaes","tag-blog-mais-acessado-e-visualizado-de-caruaru-e-regiao","tag-caruaru","tag-eleicoes","tag-marilia-arraes","tag-pesquisa-ipec","tag-politica","tag-raquel-lyra"],"_links":{"self":[{"href":"https:\/\/blogdoedvaldomagalhaes.com.br\/index.php\/wp-json\/wp\/v2\/posts\/88842","targetHints":{"allow":["GET"]}}],"collection":[{"href":"https:\/\/blogdoedvaldomagalhaes.com.br\/index.php\/wp-json\/wp\/v2\/posts"}],"about":[{"href":"https:\/\/blogdoedvaldomagalhaes.com.br\/index.php\/wp-json\/wp\/v2\/types\/post"}],"author":[{"embeddable":true,"href":"https:\/\/blogdoedvaldomagalhaes.com.br\/index.php\/wp-json\/wp\/v2\/users\/1"}],"replies":[{"embeddable":true,"href":"https:\/\/blogdoedvaldomagalhaes.com.br\/index.php\/wp-json\/wp\/v2\/comments?post=88842"}],"version-history":[{"count":3,"href":"https:\/\/blogdoedvaldomagalhaes.com.br\/index.php\/wp-json\/wp\/v2\/posts\/88842\/revisions"}],"predecessor-version":[{"id":88849,"href":"https:\/\/blogdoedvaldomagalhaes.com.br\/index.php\/wp-json\/wp\/v2\/posts\/88842\/revisions\/88849"}],"wp:featuredmedia":[{"embeddable":true,"href":"https:\/\/blogdoedvaldomagalhaes.com.br\/index.php\/wp-json\/wp\/v2\/media\/88844"}],"wp:attachment":[{"href":"https:\/\/blogdoedvaldomagalhaes.com.br\/index.php\/wp-json\/wp\/v2\/media?parent=88842"}],"wp:term":[{"taxonomy":"category","embeddable":true,"href":"https:\/\/blogdoedvaldomagalhaes.com.br\/index.php\/wp-json\/wp\/v2\/categories?post=88842"},{"taxonomy":"post_tag","embeddable":true,"href":"https:\/\/blogdoedvaldomagalhaes.com.br\/index.php\/wp-json\/wp\/v2\/tags?post=88842"}],"curies":[{"name":"wp","href":"https:\/\/api.w.org\/{rel}","templated":true}]}}