{"id":88837,"date":"2022-10-11T18:11:33","date_gmt":"2022-10-11T21:11:33","guid":{"rendered":"https:\/\/blogdoedvaldomagalhaes.com.br\/?p=88837"},"modified":"2022-10-12T21:20:40","modified_gmt":"2022-10-13T00:20:40","slug":"juridico-da-campanha-de-raquel-aciona-policia-federal-ministerio-publico-e-tre-pe-contra-fake-news","status":"publish","type":"post","link":"https:\/\/blogdoedvaldomagalhaes.com.br\/index.php\/2022\/10\/11\/juridico-da-campanha-de-raquel-aciona-policia-federal-ministerio-publico-e-tre-pe-contra-fake-news\/","title":{"rendered":"Jur\u00eddico da campanha de Raquel aciona Pol\u00edcia Federal, Minist\u00e9rio P\u00fablico e TRE-PE contra fake News"},"content":{"rendered":"<p style=\"text-align: justify;\"><span style=\"font-size: revert; color: initial;\">A coordena\u00e7\u00e3o jur\u00eddica da candidata a governadora, Raquel Lyra (PSDB), concedeu entrevista coletiva, nesta ter\u00e7a (11), onde falou sobre a representa\u00e7\u00e3o que apresentou ao Minist\u00e9rio P\u00fablico, Pol\u00edcia Federal e Tribunal Regional Eleitoral (TRE) sobre a avalanche de not\u00edcias falsas contra a postulante.<\/span><\/p>\n<p style=\"text-align: justify;\">&#8220;Todos sabem que, ap\u00f3s o resultado do primeiro turno e a ida de Raquel ao segundo turno, n\u00f3s passamos a sofrer uma s\u00e9rie de ataques de fake news. Temos observado ao longo da semana e tomamos as provid\u00eancias jur\u00eddicas, legais, para tentar conter esses abusos\u201d, destacou o coordenador jur\u00eddico, T\u00falio Vila\u00e7a.<\/p>\n<p style=\"text-align: justify;\">O advogado Yuri Coriolano acrescentou que j\u00e1 identificou o poss\u00edvel cometimento de crime eleitoral por parte de um ex-candidato a vereador do PT, contratado para coordenar a milit\u00e2ncia da candidata a governadora, Mar\u00edlia Arraes (SD), nessas elei\u00e7\u00f5es; e de um ex-assessor parlamentar da candidata.<\/p>\n<p style=\"text-align: justify;\">O documento apresenta prints de publica\u00e7\u00f5es falsas como provas. \u201cFake news \u00e9 crime e estamos pedindo o rigor da lei para que os eventuais culpados sejam efetivamente condenados. V\u00e1rios perfis falsos foram criados, sem ter o m\u00ednimo de compaix\u00e3o para com a candidata que est\u00e1 vivendo um luto pela perda do seu esposo\u201d, afirmou T\u00falio.<\/p>\n<p style=\"text-align: justify;\">&#8220;Uma das fake news que n\u00f3s detectamos veio de um ex-assessor parlamentar da deputada federal Mar\u00edlia Arraes. Esse ex-assessor participou do gabinete da deputada de 8 de fevereiro de 2019 at\u00e9 31 de mar\u00e7o de 2022 e vem participando da campanha de maneira ativa para a candidata&#8221;, complementou o Vila\u00e7a.<\/p>\n<p style=\"text-align: justify;\">\u201cN\u00e3o h\u00e1 limites para a campanha da advers\u00e1ria at\u00e9 se utilizando de reportagens de jornais e tem sido feita maquiagens para transmudar o conte\u00fado dessas not\u00edcias\u201d, concluiu Yuri Coriolano.<\/p>\n<p style=\"text-align: justify;\">Fotos: divulga\u00e7\u00e3o.<\/p>\n<p style=\"text-align: justify;\">Se inscreva no canal do Blog do Edvaldo Magalh\u00e3es no YouTube e siga no Instagram.<\/p>\n","protected":false},"excerpt":{"rendered":"<p>A coordena\u00e7\u00e3o jur\u00eddica da candidata a governadora, Raquel Lyra (PSDB), concedeu entrevista coletiva, nesta ter\u00e7a (11), onde falou sobre a&hellip;<\/p>\n","protected":false},"author":1,"featured_media":88838,"comment_status":"closed","ping_status":"open","sticky":false,"template":"","format":"standard","meta":{"footnotes":""},"categories":[14122],"tags":[2,19532,3406,19613,25817,20],"class_list":["post-88837","post","type-post","status-publish","format-standard","has-post-thumbnail","hentry","category-politica","tag-blog-do-edvaldo-magalhaes","tag-blog-mais-acessado-e-visualizado-de-caruaru-e-regiao","tag-caruaru","tag-eleicoes","tag-juridico-da-campanha-de-raquel-aciona-policia-federal-ministerio-publico-e-tre-pe-contra-fake-news","tag-politica"],"_links":{"self":[{"href":"https:\/\/blogdoedvaldomagalhaes.com.br\/index.php\/wp-json\/wp\/v2\/posts\/88837","targetHints":{"allow":["GET"]}}],"collection":[{"href":"https:\/\/blogdoedvaldomagalhaes.com.br\/index.php\/wp-json\/wp\/v2\/posts"}],"about":[{"href":"https:\/\/blogdoedvaldomagalhaes.com.br\/index.php\/wp-json\/wp\/v2\/types\/post"}],"author":[{"embeddable":true,"href":"https:\/\/blogdoedvaldomagalhaes.com.br\/index.php\/wp-json\/wp\/v2\/users\/1"}],"replies":[{"embeddable":true,"href":"https:\/\/blogdoedvaldomagalhaes.com.br\/index.php\/wp-json\/wp\/v2\/comments?post=88837"}],"version-history":[{"count":2,"href":"https:\/\/blogdoedvaldomagalhaes.com.br\/index.php\/wp-json\/wp\/v2\/posts\/88837\/revisions"}],"predecessor-version":[{"id":88840,"href":"https:\/\/blogdoedvaldomagalhaes.com.br\/index.php\/wp-json\/wp\/v2\/posts\/88837\/revisions\/88840"}],"wp:featuredmedia":[{"embeddable":true,"href":"https:\/\/blogdoedvaldomagalhaes.com.br\/index.php\/wp-json\/wp\/v2\/media\/88838"}],"wp:attachment":[{"href":"https:\/\/blogdoedvaldomagalhaes.com.br\/index.php\/wp-json\/wp\/v2\/media?parent=88837"}],"wp:term":[{"taxonomy":"category","embeddable":true,"href":"https:\/\/blogdoedvaldomagalhaes.com.br\/index.php\/wp-json\/wp\/v2\/categories?post=88837"},{"taxonomy":"post_tag","embeddable":true,"href":"https:\/\/blogdoedvaldomagalhaes.com.br\/index.php\/wp-json\/wp\/v2\/tags?post=88837"}],"curies":[{"name":"wp","href":"https:\/\/api.w.org\/{rel}","templated":true}]}}