{"id":88833,"date":"2022-10-11T17:43:05","date_gmt":"2022-10-11T20:43:05","guid":{"rendered":"https:\/\/blogdoedvaldomagalhaes.com.br\/?p=88833"},"modified":"2022-10-12T21:20:40","modified_gmt":"2022-10-13T00:20:40","slug":"confira-o-que-abre-e-o-que-fecha-em-caruaru-no-feriado-de-12-de-outubro","status":"publish","type":"post","link":"https:\/\/blogdoedvaldomagalhaes.com.br\/index.php\/2022\/10\/11\/confira-o-que-abre-e-o-que-fecha-em-caruaru-no-feriado-de-12-de-outubro\/","title":{"rendered":"Confira o que abre e o que fecha em Caruaru no feriado de 12 de outubro"},"content":{"rendered":"<p style=\"text-align: justify;\">Nesta quarta-feira (12), ser\u00e1 feriado nacional pelo Dia da Padroeira do Brasil, Nossa Senhora Aparecida. <span style=\"font-size: revert; color: initial;\">As lojas do centro da cidade que pediram autoriza\u00e7\u00e3o aos respectivos sindicatos poder\u00e3o funcionar. est\u00e3o autorizadas para funcionar. Confira:<\/span><\/p>\n<p style=\"text-align: justify;\"><span style=\"font-size: revert; color: initial;\">Cm\u00e9rcio e o Parque 18 de Maio podem funcionar das 8h \u00e0s 18h;<\/span><\/p>\n<p style=\"text-align: justify;\">As lojas, quiosques e servi\u00e7os do Caruaru Shopping v\u00e3o funcionar das 10h \u00e0s 22h; Alimenta\u00e7\u00e3o e Lazer, das 11h \u00e0s 22h; o Big Bompre\u00e7o, das 7h \u00e0s 22h, e o cinema, de acordo com o hor\u00e1rio de sess\u00e3o;<\/p>\n<p style=\"text-align: justify;\">As lojas e quiosques do Shopping Difusora v\u00e3o funcionar das 11 \u00e0s 20h; Pra\u00e7a de Alimenta\u00e7\u00e3o vai estar aberta das11h \u00e0s 20h; Parque Infantil Mundo das F\u00e1bulas e o Lounge da Copa estar\u00e3o abertos normalmente, j\u00e1 o Planet Cinemas funcionar\u00e1 de acordo com as sess\u00f5es dos filmes;<\/p>\n<p style=\"text-align: justify;\">O Polo Caruaru vai funcionar das 9h \u00e0s 18h;<\/p>\n<p style=\"text-align: justify;\">Hospitais, Unidades de Pronto Atendimento (UPA) e Samu v\u00e3o funcionando normalmente, al\u00e9m da vacina\u00e7\u00e3o na Via Parque, das 8h as 18h. Enquanto que os servi\u00e7os nos Ambulat\u00f3rios M\u00e9dicos Especializados (AME), nas Unidades B\u00e1sicas de Sa\u00fade (UBS) e nos Centros de Sa\u00fade (CS) n\u00e3o funcionar\u00e3o na data.<\/p>\n<p style=\"text-align: justify;\">Os parques urbanos v\u00e3o funcionar das 6h \u00e0s 19h. O Parque Natural Professor Jo\u00e3o Vasconcelos Sobrinho (Serra dos Cavalos), das 7h \u00e0s 16h. A coleta de lixo, as manuten\u00e7\u00f5es de ilumina\u00e7\u00e3o p\u00fablica e a limpeza do Rio Ipojuca v\u00e3o ocorrer normalmente.<\/p>\n<p style=\"text-align: justify;\">Plant\u00e3o do aux\u00edlio funeral pelos telefones (81) 9.8384-2410 e (81) 9.8384-3756. Tamb\u00e9m funciona normalmente o atendimento \u00e0 popula\u00e7\u00e3o em situa\u00e7\u00e3o de rua no Acolhimento Adulto, que fica na rua Alferes Jorge, no bairro Indian\u00f3polis.<\/p>\n<p style=\"text-align: justify;\">Plant\u00e3o do Centro de Refer\u00eancia da Mulher Maria Bonita (acolhimento de mulheres v\u00edtimas de viol\u00eancia) pelo telefone (81) 9.8384-4310;<\/p>\n<p style=\"text-align: justify;\">O Monte Bom Jesus ter\u00e1 visita\u00e7\u00e3o das 8h \u00e0s 22h;<\/p>\n<p style=\"text-align: justify;\">Via Parque vai funcionar das 6h \u00e0s 22h;<\/p>\n<p style=\"text-align: justify;\">Ag\u00eancias banc\u00e1rias, casa lot\u00e9ricas, Correios, Ciretran e Postos do Detran, Escolas e Col\u00e9gios, Sindicatos, Apodec, Acic, CDL, Sindloja, OAB, F\u00f3rum Dr Dem\u00f3stenes Batista Veras, Minist\u00e9rio P\u00fablico, INSS, C\u00e2mara de Vereadores, estar\u00e3o fechados.<\/p>\n<p style=\"text-align: justify;\">Se inscreva no canal do Blog do Edvaldo Magalh\u00e3es no YouTube e siga no Instagram.<\/p>\n","protected":false},"excerpt":{"rendered":"<p>Nesta quarta-feira (12), ser\u00e1 feriado nacional pelo Dia da Padroeira do Brasil, Nossa Senhora Aparecida. As lojas do centro da&hellip;<\/p>\n","protected":false},"author":1,"featured_media":70119,"comment_status":"closed","ping_status":"open","sticky":false,"template":"","format":"standard","meta":{"footnotes":""},"categories":[14120],"tags":[2,19532,3406,25814,25815,25816],"class_list":["post-88833","post","type-post","status-publish","format-standard","has-post-thumbnail","hentry","category-noticias","tag-blog-do-edvaldo-magalhaes","tag-blog-mais-acessado-e-visualizado-de-caruaru-e-regiao","tag-caruaru","tag-confira-o-que-abre-e-o-que-fecha-em-caruaru-no-feriado-de-12-de-outubro","tag-dia-da-padroeira-do-brasil","tag-dia-das-criancas"],"_links":{"self":[{"href":"https:\/\/blogdoedvaldomagalhaes.com.br\/index.php\/wp-json\/wp\/v2\/posts\/88833","targetHints":{"allow":["GET"]}}],"collection":[{"href":"https:\/\/blogdoedvaldomagalhaes.com.br\/index.php\/wp-json\/wp\/v2\/posts"}],"about":[{"href":"https:\/\/blogdoedvaldomagalhaes.com.br\/index.php\/wp-json\/wp\/v2\/types\/post"}],"author":[{"embeddable":true,"href":"https:\/\/blogdoedvaldomagalhaes.com.br\/index.php\/wp-json\/wp\/v2\/users\/1"}],"replies":[{"embeddable":true,"href":"https:\/\/blogdoedvaldomagalhaes.com.br\/index.php\/wp-json\/wp\/v2\/comments?post=88833"}],"version-history":[{"count":3,"href":"https:\/\/blogdoedvaldomagalhaes.com.br\/index.php\/wp-json\/wp\/v2\/posts\/88833\/revisions"}],"predecessor-version":[{"id":88841,"href":"https:\/\/blogdoedvaldomagalhaes.com.br\/index.php\/wp-json\/wp\/v2\/posts\/88833\/revisions\/88841"}],"wp:featuredmedia":[{"embeddable":true,"href":"https:\/\/blogdoedvaldomagalhaes.com.br\/index.php\/wp-json\/wp\/v2\/media\/70119"}],"wp:attachment":[{"href":"https:\/\/blogdoedvaldomagalhaes.com.br\/index.php\/wp-json\/wp\/v2\/media?parent=88833"}],"wp:term":[{"taxonomy":"category","embeddable":true,"href":"https:\/\/blogdoedvaldomagalhaes.com.br\/index.php\/wp-json\/wp\/v2\/categories?post=88833"},{"taxonomy":"post_tag","embeddable":true,"href":"https:\/\/blogdoedvaldomagalhaes.com.br\/index.php\/wp-json\/wp\/v2\/tags?post=88833"}],"curies":[{"name":"wp","href":"https:\/\/api.w.org\/{rel}","templated":true}]}}