{"id":88826,"date":"2022-10-11T16:27:29","date_gmt":"2022-10-11T19:27:29","guid":{"rendered":"https:\/\/blogdoedvaldomagalhaes.com.br\/?p=88826"},"modified":"2022-10-12T21:20:40","modified_gmt":"2022-10-13T00:20:40","slug":"psol-oficializa-apoio-a-marilia-arraes-no-2o-turno-da-disputa-pelo-governo-de-pernambuco","status":"publish","type":"post","link":"https:\/\/blogdoedvaldomagalhaes.com.br\/index.php\/2022\/10\/11\/psol-oficializa-apoio-a-marilia-arraes-no-2o-turno-da-disputa-pelo-governo-de-pernambuco\/","title":{"rendered":"PSOL oficializa apoio a Mar\u00edlia Arraes no 2\u00ba turno da disputa pelo Governo de Pernambuco"},"content":{"rendered":"<p style=\"text-align: justify;\"><span style=\"color: initial; font-size: revert;\">A candidata ao Governo de Pernambuco, Mar\u00edlia Arraes, recebeu, na manh\u00e3 desta ter\u00e7a-feira (11), o apoio oficial do PSOL neste segundo turno das elei\u00e7\u00f5es. O encontro aconteceu na Casa Marielle Franco, no Derby, e contou com a participa\u00e7\u00e3o da codeputada Robeyonc\u00e9 Lima, que recebeu mais de 80 mil votos na disputa por uma vaga na C\u00e2mara dos Deputados; Jo\u00e3o Arnaldo, candidato ao Governo de Pernambuco; Eug\u00eania Lima, candidata ao Senado; al\u00e9m do vereador Ivan Moraes; das codeputadas Juntas (Robeyonc\u00e9, Carol Vergolino, K\u00e1tia Cunha, J\u00f4 Cavalcanti e Joelma Carla); de Alexandre Pires, da Articula\u00e7\u00e3o do Semi\u00e1rido; e de dezenas de dirigentes partid\u00e1rios e militantes do PSOL.<\/span><\/p>\n<p style=\"text-align: justify;\">Para a codeputada Robeyonc\u00e9, que discursou representando todos os presentes, Pernambuco e o Brasil vivem um momento hist\u00f3rico e \u00e9 preciso posicionamento pol\u00edtico para enfrentar o avan\u00e7o do conservadorismo. &#8220;Aproveito essa oportunidade para reafirmar o compromisso do PSOL com o apoio a Mar\u00edlia Arraes como candidata ao Governo do Estado. Precisamos alinhar estrat\u00e9gias para que Mar\u00edlia, como governadora, possa seguir o mesmo caminho do presidente Lula&#8221;, afirmou.<\/p>\n<p style=\"text-align: justify;\">O presidente estadual do PSOL, Tiago Para\u00edba, enfatizou a import\u00e2ncia do apoio \u00e0 candidata. \u201cO PSOL est\u00e1 junto de voc\u00ea, Mar\u00edlia, para trabalhar dia e noite e te eleger como primeira mulher governadora da nossa hist\u00f3ria, e tamb\u00e9m para eleger o presidente Lula\u201d, sentenciou. Para\u00edba entregou a Mar\u00edlia um documento com diretrizes sugeridas pelo PSOL ao programa de governo da candidata.<\/p>\n<blockquote>\n<p style=\"text-align: justify;\">No seu discurso, Mar\u00edlia fez quest\u00e3o de se comprometer com as propostas entregues pelo PSOL, e ressaltou estar honrada em receber o apoio de um partido t\u00e3o importante. \u201cTudo o que foi apresentado aqui segue em sintonia com o que queremos para a constru\u00e7\u00e3o de uma sociedade mais justa. A proposta da renda b\u00e1sica, por exemplo, tem tudo a ver com o que a gente quer que aconte\u00e7a. O combate ao machismo, ao racismo, \u00e0 LGBTfobia. N\u00f3s temos em comum o combate a tudo que esse \u2018despresidente\u2019 tirou do arm\u00e1rio&#8221;, destacou. &#8220;Vamos mostrar que Bolsonaro n\u00e3o se cria em Pernambuco e que o pernambucano tem lado, o lado do presidente Lula&#8221;, finalizou Mar\u00edlia.<\/p>\n<p style=\"text-align: justify;\">Se inscreva no canal do Blog do Edvaldo Magalh\u00e3es no YouTube e siga no Instagram.<\/p>\n<\/blockquote>\n\n\n<figure class=\"wp-block-image size-full\"><img loading=\"lazy\" decoding=\"async\" width=\"1024\" height=\"682\" src=\"https:\/\/blogdoedvaldomagalhaes.com.br\/wp-content\/uploads\/2022\/10\/IMG-20221011-WA0089.jpg\" alt=\"\" class=\"wp-image-88830\" srcset=\"https:\/\/blogdoedvaldomagalhaes.com.br\/wp-content\/uploads\/2022\/10\/IMG-20221011-WA0089.jpg 1024w, https:\/\/blogdoedvaldomagalhaes.com.br\/wp-content\/uploads\/2022\/10\/IMG-20221011-WA0089-300x200.jpg 300w, https:\/\/blogdoedvaldomagalhaes.com.br\/wp-content\/uploads\/2022\/10\/IMG-20221011-WA0089-768x512.jpg 768w\" sizes=\"auto, (max-width: 1024px) 100vw, 1024px\" \/><figcaption>Fotos: Tiago Calazans<\/figcaption><\/figure>\n","protected":false},"excerpt":{"rendered":"<p>A candidata ao Governo de Pernambuco, Mar\u00edlia Arraes, recebeu, na manh\u00e3 desta ter\u00e7a-feira (11), o apoio oficial do PSOL neste&hellip;<\/p>\n","protected":false},"author":1,"featured_media":88827,"comment_status":"closed","ping_status":"open","sticky":false,"template":"","format":"standard","meta":{"footnotes":""},"categories":[14122],"tags":[2,19532,19613,20,25813],"class_list":["post-88826","post","type-post","status-publish","format-standard","has-post-thumbnail","hentry","category-politica","tag-blog-do-edvaldo-magalhaes","tag-blog-mais-acessado-e-visualizado-de-caruaru-e-regiao","tag-eleicoes","tag-politica","tag-psol-oficializa-apoio-a-marilia-arraes-no-2o-turno-da-disputa-pelo-governo-de-pernambuco"],"_links":{"self":[{"href":"https:\/\/blogdoedvaldomagalhaes.com.br\/index.php\/wp-json\/wp\/v2\/posts\/88826","targetHints":{"allow":["GET"]}}],"collection":[{"href":"https:\/\/blogdoedvaldomagalhaes.com.br\/index.php\/wp-json\/wp\/v2\/posts"}],"about":[{"href":"https:\/\/blogdoedvaldomagalhaes.com.br\/index.php\/wp-json\/wp\/v2\/types\/post"}],"author":[{"embeddable":true,"href":"https:\/\/blogdoedvaldomagalhaes.com.br\/index.php\/wp-json\/wp\/v2\/users\/1"}],"replies":[{"embeddable":true,"href":"https:\/\/blogdoedvaldomagalhaes.com.br\/index.php\/wp-json\/wp\/v2\/comments?post=88826"}],"version-history":[{"count":3,"href":"https:\/\/blogdoedvaldomagalhaes.com.br\/index.php\/wp-json\/wp\/v2\/posts\/88826\/revisions"}],"predecessor-version":[{"id":88832,"href":"https:\/\/blogdoedvaldomagalhaes.com.br\/index.php\/wp-json\/wp\/v2\/posts\/88826\/revisions\/88832"}],"wp:featuredmedia":[{"embeddable":true,"href":"https:\/\/blogdoedvaldomagalhaes.com.br\/index.php\/wp-json\/wp\/v2\/media\/88827"}],"wp:attachment":[{"href":"https:\/\/blogdoedvaldomagalhaes.com.br\/index.php\/wp-json\/wp\/v2\/media?parent=88826"}],"wp:term":[{"taxonomy":"category","embeddable":true,"href":"https:\/\/blogdoedvaldomagalhaes.com.br\/index.php\/wp-json\/wp\/v2\/categories?post=88826"},{"taxonomy":"post_tag","embeddable":true,"href":"https:\/\/blogdoedvaldomagalhaes.com.br\/index.php\/wp-json\/wp\/v2\/tags?post=88826"}],"curies":[{"name":"wp","href":"https:\/\/api.w.org\/{rel}","templated":true}]}}