{"id":88820,"date":"2022-10-11T11:32:49","date_gmt":"2022-10-11T14:32:49","guid":{"rendered":"https:\/\/blogdoedvaldomagalhaes.com.br\/?p=88820"},"modified":"2022-10-12T21:20:40","modified_gmt":"2022-10-13T00:20:40","slug":"pesquisa-real-time-big-data-raquel-lidera-2-turno-contra-marilia","status":"publish","type":"post","link":"https:\/\/blogdoedvaldomagalhaes.com.br\/index.php\/2022\/10\/11\/pesquisa-real-time-big-data-raquel-lidera-2-turno-contra-marilia\/","title":{"rendered":"Pesquisa Real Time Big Data: Raquel lidera 2\u00b0 turno contra Mar\u00edlia"},"content":{"rendered":"<p class=\"ql-align-justify\" style=\"text-align: justify;\">Pesquisa Real Time Big Data no 2\u00b0 turno ao governo de Pernambuco, divulgada nesta ter\u00e7a-feira (11), tr\u00e1s Raquel Lyra (PSDB) com 54% das inten\u00e7\u00f5es de voto e Mar\u00edlia Arraes (Solidariedade) com 35%, em branco ou nulo s\u00e3o 7% e os indecisos, 4%.<\/p>\n<p class=\"ql-align-justify\" style=\"text-align: justify;\">Nos votos v\u00e1lidos Raquel Lyra tem 61% e Mar\u00edlia Arraes tem 39%. Raquel est\u00e1 \u00e0 frente em todas as estratifica\u00e7\u00f5es da pesquisa: por faixa de renda, g\u00eanero, religi\u00e3o e nas diversas regi\u00f5es do Estado.<\/p>\n<p class=\"ql-align-justify\" style=\"text-align: justify;\">A pesquisa entrevistou por telefone 1.000 eleitores em Pernambuco, entre 8 e 10 de outubro. A margem de erro \u00e9 de 3 pontos percentuais para mais ou para menos e o n\u00edvel de confian\u00e7a \u00e9 de 95%. O levantamento est\u00e1 registrado no TSE sob o n\u00famero PE-01923\/2022. Fotos: Divulga\u00e7\u00e3o.<\/p>\n<p style=\"text-align: justify;\">Se inscreva no canal do Blog do Edvaldo Magalh\u00e3es no YouTube e siga no Instagram.<\/p>\n","protected":false},"excerpt":{"rendered":"<p>Pesquisa Real Time Big Data no 2\u00b0 turno ao governo de Pernambuco, divulgada nesta ter\u00e7a-feira (11), tr\u00e1s Raquel Lyra (PSDB)&hellip;<\/p>\n","protected":false},"author":1,"featured_media":88821,"comment_status":"closed","ping_status":"open","sticky":false,"template":"","format":"standard","meta":{"footnotes":""},"categories":[14122],"tags":[2,19532,3406,19613,25811,20],"class_list":["post-88820","post","type-post","status-publish","format-standard","has-post-thumbnail","hentry","category-politica","tag-blog-do-edvaldo-magalhaes","tag-blog-mais-acessado-e-visualizado-de-caruaru-e-regiao","tag-caruaru","tag-eleicoes","tag-pesquisa-real-time-big-data-raquel-lidera-2-turno-contra-marilia","tag-politica"],"_links":{"self":[{"href":"https:\/\/blogdoedvaldomagalhaes.com.br\/index.php\/wp-json\/wp\/v2\/posts\/88820","targetHints":{"allow":["GET"]}}],"collection":[{"href":"https:\/\/blogdoedvaldomagalhaes.com.br\/index.php\/wp-json\/wp\/v2\/posts"}],"about":[{"href":"https:\/\/blogdoedvaldomagalhaes.com.br\/index.php\/wp-json\/wp\/v2\/types\/post"}],"author":[{"embeddable":true,"href":"https:\/\/blogdoedvaldomagalhaes.com.br\/index.php\/wp-json\/wp\/v2\/users\/1"}],"replies":[{"embeddable":true,"href":"https:\/\/blogdoedvaldomagalhaes.com.br\/index.php\/wp-json\/wp\/v2\/comments?post=88820"}],"version-history":[{"count":2,"href":"https:\/\/blogdoedvaldomagalhaes.com.br\/index.php\/wp-json\/wp\/v2\/posts\/88820\/revisions"}],"predecessor-version":[{"id":88824,"href":"https:\/\/blogdoedvaldomagalhaes.com.br\/index.php\/wp-json\/wp\/v2\/posts\/88820\/revisions\/88824"}],"wp:featuredmedia":[{"embeddable":true,"href":"https:\/\/blogdoedvaldomagalhaes.com.br\/index.php\/wp-json\/wp\/v2\/media\/88821"}],"wp:attachment":[{"href":"https:\/\/blogdoedvaldomagalhaes.com.br\/index.php\/wp-json\/wp\/v2\/media?parent=88820"}],"wp:term":[{"taxonomy":"category","embeddable":true,"href":"https:\/\/blogdoedvaldomagalhaes.com.br\/index.php\/wp-json\/wp\/v2\/categories?post=88820"},{"taxonomy":"post_tag","embeddable":true,"href":"https:\/\/blogdoedvaldomagalhaes.com.br\/index.php\/wp-json\/wp\/v2\/tags?post=88820"}],"curies":[{"name":"wp","href":"https:\/\/api.w.org\/{rel}","templated":true}]}}