{"id":888,"date":"2018-10-26T20:41:00","date_gmt":"2018-10-26T22:41:00","guid":{"rendered":"http:\/\/blogdoedvaldomagalhaes.com.br\/index.php\/2018\/10\/26\/alunos-da-escola-joao-lyra-filho-e\/"},"modified":"2019-02-09T02:37:02","modified_gmt":"2019-02-09T04:37:02","slug":"alunos-da-escola-joao-lyra-filho-e","status":"publish","type":"post","link":"https:\/\/blogdoedvaldomagalhaes.com.br\/index.php\/2018\/10\/26\/alunos-da-escola-joao-lyra-filho-e\/","title":{"rendered":"Alunos da escola Jo\u00e3o Lyra Filho em Caruaru, recebem \u00f3culos gratuitos"},"content":{"rendered":"<div class=\"separator\" style=\"clear: both; text-align: center;\">\n<a href=\"https:\/\/2.bp.blogspot.com\/--2gAHSC1DpI\/W9N7tEbI5pI\/AAAAAAAA8c4\/zvpItaJRmaAHm4g2ZccTMPYf_1t8Pc7TACLcBGAs\/s1600\/1.jpg\" imageanchor=\"1\" style=\"margin-left: 1em; margin-right: 1em;\"><img loading=\"lazy\" decoding=\"async\" border=\"0\" data-original-height=\"681\" data-original-width=\"1024\" height=\"424\" src=\"http:\/\/blogdoedvaldomagalhaes.com.br\/wp-content\/uploads\/2018\/10\/1-16.jpg\" width=\"640\" \/><\/a><\/div>\n<div class=\"separator\" style=\"clear: both; text-align: center;\">\nFotos: Jana\u00edna Pepeu\/Divulga\u00e7\u00e3o<\/div>\n<div style=\"text-align: justify;\">\n<\/div>\n<div style=\"text-align: justify;\">\nNessa quinta-feira (25) foi de muita alegria e comemora\u00e7\u00e3o para 34 alunos da Escola Municipal Jo\u00e3o Lyra Filho acompanhados de seus pais. O motivo: a entrega gratuita dos \u00f3culos com lente corretiva.<\/div>\n<div style=\"text-align: justify;\">\n<\/div>\n<div style=\"text-align: justify;\">\nA a\u00e7\u00e3o da Prefeitura de Caruaru faz parte do programa Aprender com Sa\u00fade, uma a\u00e7\u00e3o conjunta das secretarias de Sa\u00fade e Educa\u00e7\u00e3o, que tem o objetivo de proporcionar aos alunos condi\u00e7\u00f5es plenas de sa\u00fade para garantir qualidade no aprendizado e, consequente, desenvolvimento.<\/div>\n<div style=\"text-align: justify;\">\n<\/div>\n<div class=\"separator\" style=\"clear: both; text-align: center;\">\n<a href=\"https:\/\/1.bp.blogspot.com\/-F2ZYhCMeG24\/W9N74UkYreI\/AAAAAAAA8c8\/DJUiph3ni9w6QV8bOdGWaI4UcDwMzyIBACLcBGAs\/s1600\/2.jpg\" imageanchor=\"1\" style=\"margin-left: 1em; margin-right: 1em;\"><img loading=\"lazy\" decoding=\"async\" border=\"0\" data-original-height=\"681\" data-original-width=\"1024\" height=\"424\" src=\"http:\/\/blogdoedvaldomagalhaes.com.br\/wp-content\/uploads\/2018\/10\/2-13.jpg\" width=\"640\" \/><\/a><\/div>\n<div style=\"text-align: justify;\">\n<\/div>\n<div style=\"text-align: justify;\">\nOs estudantes passaram por uma triagem para verificar problemas ou dificuldades na vis\u00e3o, em seguida, um oftalmologista foi at\u00e9 a escola para realizar exames nos alunos que apresentaram alguma defici\u00eancia na vista e no mesmo dia eles puderam escolher o modelo dos \u00f3culos que foram entregues, gratuitamente, hoje.<\/div>\n<div style=\"text-align: justify;\">\n<\/div>\n<div style=\"text-align: justify;\">\nNa programa\u00e7\u00e3o 2018\/2019, 120 escolas ser\u00e3o beneficiadas com a entrega dos \u00f3culos. Ser\u00e3o realizadas mais de 10 mil consultas e distribu\u00eddos quase quatro mil \u00f3culos de grau.&nbsp;<\/div>\n<div style=\"text-align: justify;\">\n<\/div>\n<div style=\"text-align: justify;\">\nAs a\u00e7\u00f5es do Aprender com Sa\u00fade continuam na pr\u00f3xima semana.<\/div>\n","protected":false},"excerpt":{"rendered":"<p>Fotos: Jana\u00edna Pepeu\/Divulga\u00e7\u00e3o Nessa quinta-feira (25) foi de muita alegria e comemora\u00e7\u00e3o para 34 alunos da Escola Municipal Jo\u00e3o Lyra&hellip;<\/p>\n","protected":false},"author":1,"featured_media":0,"comment_status":"open","ping_status":"open","sticky":false,"template":"","format":"standard","meta":{"footnotes":""},"categories":[1],"tags":[837,2,6,838],"class_list":["post-888","post","type-post","status-publish","format-standard","hentry","category-sem-categoria","tag-alunos-da-escola-joao-lyra-filho-em-caruaru","tag-blog-do-edvaldo-magalhaes","tag-noticias","tag-recebem-oculos-gratuitos"],"_links":{"self":[{"href":"https:\/\/blogdoedvaldomagalhaes.com.br\/index.php\/wp-json\/wp\/v2\/posts\/888","targetHints":{"allow":["GET"]}}],"collection":[{"href":"https:\/\/blogdoedvaldomagalhaes.com.br\/index.php\/wp-json\/wp\/v2\/posts"}],"about":[{"href":"https:\/\/blogdoedvaldomagalhaes.com.br\/index.php\/wp-json\/wp\/v2\/types\/post"}],"author":[{"embeddable":true,"href":"https:\/\/blogdoedvaldomagalhaes.com.br\/index.php\/wp-json\/wp\/v2\/users\/1"}],"replies":[{"embeddable":true,"href":"https:\/\/blogdoedvaldomagalhaes.com.br\/index.php\/wp-json\/wp\/v2\/comments?post=888"}],"version-history":[{"count":1,"href":"https:\/\/blogdoedvaldomagalhaes.com.br\/index.php\/wp-json\/wp\/v2\/posts\/888\/revisions"}],"predecessor-version":[{"id":35288,"href":"https:\/\/blogdoedvaldomagalhaes.com.br\/index.php\/wp-json\/wp\/v2\/posts\/888\/revisions\/35288"}],"wp:attachment":[{"href":"https:\/\/blogdoedvaldomagalhaes.com.br\/index.php\/wp-json\/wp\/v2\/media?parent=888"}],"wp:term":[{"taxonomy":"category","embeddable":true,"href":"https:\/\/blogdoedvaldomagalhaes.com.br\/index.php\/wp-json\/wp\/v2\/categories?post=888"},{"taxonomy":"post_tag","embeddable":true,"href":"https:\/\/blogdoedvaldomagalhaes.com.br\/index.php\/wp-json\/wp\/v2\/tags?post=888"}],"curies":[{"name":"wp","href":"https:\/\/api.w.org\/{rel}","templated":true}]}}