{"id":88796,"date":"2022-10-10T14:40:38","date_gmt":"2022-10-10T17:40:38","guid":{"rendered":"https:\/\/blogdoedvaldomagalhaes.com.br\/?p=88796"},"modified":"2022-10-10T14:44:56","modified_gmt":"2022-10-10T17:44:56","slug":"semana-do-dia-das-criancas-contara-com-programacao-especial","status":"publish","type":"post","link":"https:\/\/blogdoedvaldomagalhaes.com.br\/index.php\/2022\/10\/10\/semana-do-dia-das-criancas-contara-com-programacao-especial\/","title":{"rendered":"Semana do dia Das Crian\u00e7as contar\u00e1 com programa\u00e7\u00e3o especial"},"content":{"rendered":"<p style=\"text-align: justify;\"><span style=\"color: initial; font-size: revert;\">A Secretaria de Desenvolvimento Social e Direitos Humanos (SDSDH), atrav\u00e9s do Servi\u00e7o de Conviv\u00eancia e Fortalecimento de V\u00ednculos (SCFV), vai realizar atividades cultural, art\u00edsticas, esportivas e sociais, entre os dias 11 e 19 de outubro, em alus\u00e3o ao Dia das Crian\u00e7as, celebrado dia 12.<\/span><\/p>\n<p style=\"text-align: justify;\">A Semana da Crian\u00e7a ser\u00e1 realizada nos 17 equipamentos, atendendo, aproximadamente, 952 crian\u00e7as. Atividades como gincanas, rodas de brincadeiras, atividades l\u00fadicas envolvendo oficinas de dan\u00e7a, teatro, m\u00fasica, circo, capoeira e educa\u00e7\u00e3o social ser\u00e3o realizadas nos turnos da manh\u00e3 e tarde.<\/p>\n<p style=\"text-align: justify;\">O SCFV contribui na defesa e afirma\u00e7\u00e3o de direitos, bem como no desenvolvimento de capacidades e potencialidades dos seus participantes, atrav\u00e9s do uso de alternativas emancipat\u00f3rias, refor\u00e7ando o trabalho de enfrentamento \u00e0s vulnerabilidades sociais com grupos de crian\u00e7as, jovens e idosos.<\/p>\n<p style=\"text-align: justify;\">\u201cCom o objetivo de proporcionar as nossas crian\u00e7as viv\u00eancias l\u00fadicas, educativas e momentos de intera\u00e7\u00e3o social constru\u00eddos pelos nossos educadores e arte educadores, o Dia das Crian\u00e7as ser\u00e1 comemorado durante toda semana nos nossos centros e servi\u00e7os de conviv\u00eancia que est\u00e3o espalhados na cidade e na zona rural do nosso munic\u00edpio\u201d, afirmou a gerente II de Prote\u00e7\u00e3o B\u00e1sica da SDSDH, Emanuela Nunes.<\/p>\n<p style=\"text-align: justify;\"><strong>Confira a programa\u00e7\u00e3o<\/strong>:<\/p>\n<p style=\"text-align: justify;\">Data: 11\/10<br \/>\nLocal: CCFV Salgado<br \/>\nHor\u00e1rio: 8h \u00e0s 12h (manh\u00e3)<\/p>\n<p style=\"text-align: justify;\">Local: CCFV Fernando Lyra<br \/>\nHor\u00e1rio: 8h \u00e0s 12h (manh\u00e3)<\/p>\n<p style=\"text-align: justify;\">Local: CCFV Rendeiras<br \/>\nHor\u00e1rio: 9h \u00e0s 12h (manh\u00e3)<\/p>\n<p style=\"text-align: justify;\">Local: CCFV Ir. Werburga<br \/>\nHor\u00e1rio: 14h \u00e0s 16h (tarde)<\/p>\n<p style=\"text-align: justify;\">Local: SCFV Ju\u00e1<br \/>\nHor\u00e1rio: 14h \u00e0s 16h (tarde)<\/p>\n<p style=\"text-align: justify;\">Local: SCFV Ita\u00fana<br \/>\nHor\u00e1rio: 14h \u00e0s 16h (tarde)<\/p>\n<p style=\"text-align: justify;\">Data: 13\/10<br \/>\nLocal: CCFV Jos\u00e9 Carlos de Oliveira<br \/>\nHor\u00e1rio: 14h \u00e0s 16h (tarde)<\/p>\n<p style=\"text-align: justify;\">Local: CCFV S\u00edtio Cip\u00f3<br \/>\nHor\u00e1rios: 9h \u00e0s 12h (manh\u00e3) e 14h \u00e0s 16h (tarde)<\/p>\n<p style=\"text-align: justify;\">Local: CCFV Xicuru<br \/>\nHor\u00e1rio: 9h \u00e0s 12h (manh\u00e3)<\/p>\n<p style=\"text-align: justify;\">Data: 14\/10<br \/>\nLocal: CCFV Peladas<br \/>\nHor\u00e1rio: 14h \u00e0s 16h (tarde)<\/p>\n<p style=\"text-align: justify;\">Local: SCFV Malhada de Pedra<br \/>\nHor\u00e1rio:9h \u00e0s 12h (manh\u00e3)<\/p>\n<p style=\"text-align: justify;\">Local: SCFV Taquara<br \/>\nHor\u00e1rio: 9h \u00e0s 12h<\/p>\n<p style=\"text-align: justify;\">Local: SCFV Pau Santo<br \/>\nHor\u00e1rio: 9h \u00e0s 12h<\/p>\n<p style=\"text-align: justify;\">Data: 16\/10<br \/>\nLocal: SESC CARUARU (grupos do CCFV Jos\u00e9 Carlos de Oliveira)<br \/>\nHor\u00e1rio: 09 \u00e0s 12h (manh\u00e3)<\/p>\n<p style=\"text-align: justify;\">Data: 17\/10<br \/>\nLocal: CENTERPLEX (Grupos do CCFV Jos\u00e9 Carlos de Oliveira)<br \/>\nHor\u00e1rio: 13h (tarde)<\/p>\n<p style=\"text-align: justify;\">Data: 19\/10<br \/>\nLocal: SCFV Cana\u00e3<br \/>\nHor\u00e1rio: 14h \u00e0s 16h (tarde)<\/p>\n<p style=\"text-align: justify;\">Foto: Arquivo\/SDSDH.<\/p>\n<p style=\"text-align: justify;\">Se inscreva no canal do Edvaldo Magalh\u00e3es no YouTube e siga o Blog no Instagram.<\/p>\n","protected":false},"excerpt":{"rendered":"<p>A Secretaria de Desenvolvimento Social e Direitos Humanos (SDSDH), atrav\u00e9s do Servi\u00e7o de Conviv\u00eancia e Fortalecimento de V\u00ednculos (SCFV), vai&hellip;<\/p>\n","protected":false},"author":1,"featured_media":88797,"comment_status":"closed","ping_status":"open","sticky":false,"template":"","format":"standard","meta":{"footnotes":""},"categories":[14120],"tags":[2,19532,3406,25804],"class_list":["post-88796","post","type-post","status-publish","format-standard","has-post-thumbnail","hentry","category-noticias","tag-blog-do-edvaldo-magalhaes","tag-blog-mais-acessado-e-visualizado-de-caruaru-e-regiao","tag-caruaru","tag-semana-do-dia-das-criancas-contara-com-programacao-especial"],"_links":{"self":[{"href":"https:\/\/blogdoedvaldomagalhaes.com.br\/index.php\/wp-json\/wp\/v2\/posts\/88796","targetHints":{"allow":["GET"]}}],"collection":[{"href":"https:\/\/blogdoedvaldomagalhaes.com.br\/index.php\/wp-json\/wp\/v2\/posts"}],"about":[{"href":"https:\/\/blogdoedvaldomagalhaes.com.br\/index.php\/wp-json\/wp\/v2\/types\/post"}],"author":[{"embeddable":true,"href":"https:\/\/blogdoedvaldomagalhaes.com.br\/index.php\/wp-json\/wp\/v2\/users\/1"}],"replies":[{"embeddable":true,"href":"https:\/\/blogdoedvaldomagalhaes.com.br\/index.php\/wp-json\/wp\/v2\/comments?post=88796"}],"version-history":[{"count":1,"href":"https:\/\/blogdoedvaldomagalhaes.com.br\/index.php\/wp-json\/wp\/v2\/posts\/88796\/revisions"}],"predecessor-version":[{"id":88798,"href":"https:\/\/blogdoedvaldomagalhaes.com.br\/index.php\/wp-json\/wp\/v2\/posts\/88796\/revisions\/88798"}],"wp:featuredmedia":[{"embeddable":true,"href":"https:\/\/blogdoedvaldomagalhaes.com.br\/index.php\/wp-json\/wp\/v2\/media\/88797"}],"wp:attachment":[{"href":"https:\/\/blogdoedvaldomagalhaes.com.br\/index.php\/wp-json\/wp\/v2\/media?parent=88796"}],"wp:term":[{"taxonomy":"category","embeddable":true,"href":"https:\/\/blogdoedvaldomagalhaes.com.br\/index.php\/wp-json\/wp\/v2\/categories?post=88796"},{"taxonomy":"post_tag","embeddable":true,"href":"https:\/\/blogdoedvaldomagalhaes.com.br\/index.php\/wp-json\/wp\/v2\/tags?post=88796"}],"curies":[{"name":"wp","href":"https:\/\/api.w.org\/{rel}","templated":true}]}}