{"id":8878,"date":"2016-07-25T16:27:00","date_gmt":"2016-07-25T19:27:00","guid":{"rendered":"http:\/\/blogdoedvaldomagalhaes.com.br\/index.php\/2016\/07\/25\/dois-assassinatos-nesta-madrugada-e\/"},"modified":"2019-02-09T00:52:13","modified_gmt":"2019-02-09T02:52:13","slug":"dois-assassinatos-nesta-madrugada-e","status":"publish","type":"post","link":"https:\/\/blogdoedvaldomagalhaes.com.br\/index.php\/2016\/07\/25\/dois-assassinatos-nesta-madrugada-e\/","title":{"rendered":"Dois assassinatos nesta madrugada em Caruaru"},"content":{"rendered":"<div class=\"separator\" style=\"clear: both; text-align: center;\">\n<a href=\"https:\/\/3.bp.blogspot.com\/-0k-yY2w11xk\/V5Y9hMFAi8I\/AAAAAAAAC-Y\/s_l777_b8vYtXYnkpi30G44JJPVuvWqzgCLcB\/s1600\/tiro.jpg\" imageanchor=\"1\" style=\"margin-left: 1em; margin-right: 1em;\"><img loading=\"lazy\" decoding=\"async\" border=\"0\" height=\"166\" src=\"http:\/\/blogdoedvaldomagalhaes.com.br\/wp-content\/uploads\/2016\/07\/tiro-1.jpg\" width=\"400\" \/><\/a><\/div>\n<div style=\"background: rgb(255, 255, 255); outline: 0px; padding: 0px 0px 1.5em;\">\n<\/div>\n<div style=\"color: #333333; letter-spacing: -0.02em; line-height: 1.45em; text-align: justify;\">\nO primeiro crime de morte teve como v\u00edtima Sandro Rog\u00e9rio Santos, com 15 disparos de arma de fogo, na madrugada desta segunda-feira (25) na BR-232 em Caruaru. De acordo com a Pol\u00edcia Rodovi\u00e1ria Federal (PRF), ele havia roubado um t\u00e1xi na noite do domingo (24), e foi morto dentro do ve\u00edculo roubado. Outro homem que estava dentro do autom\u00f3vel ficou ferido e foi levado para o Hospital Regional do Agreste (HRA). A Pol\u00edcia Civil suspeita que ele tamb\u00e9m tenha participado do roubo do ve\u00edculo.&nbsp;O t\u00e1xi foi levado para a Delegacia Seccional de Pol\u00edcia Civil de Caruaru, que ir\u00e1 investigar o caso.<\/div>\n<div style=\"color: #333333; letter-spacing: -0.02em; line-height: 1.45em; text-align: justify;\">\n<\/div>\n<div style=\"color: #333333; letter-spacing: -0.02em; line-height: 1.45em; text-align: justify;\">\nO segundo homic\u00eddio ocorreu na&nbsp;Rua Carlos Chaves, no bairro Santa Rosa, em Caruaru, quando uma mulher ainda sem identifica\u00e7\u00e3o foi atingida por quatro tiros na cabe\u00e7a. A pol\u00edcia acredita que ela tinha envolvimento com drogas.<\/div>\n","protected":false},"excerpt":{"rendered":"<p>O primeiro crime de morte teve como v\u00edtima Sandro Rog\u00e9rio Santos, com 15 disparos de arma de fogo, na madrugada&hellip;<\/p>\n","protected":false},"author":1,"featured_media":0,"comment_status":"open","ping_status":"open","sticky":false,"template":"","format":"standard","meta":{"footnotes":""},"categories":[1],"tags":[2,1828,13330,312,2083,2278,13],"class_list":["post-8878","post","type-post","status-publish","format-standard","hentry","category-sem-categoria","tag-blog-do-edvaldo-magalhaes","tag-br-232","tag-dois-assassinatos-nesta-madrugada-em-caruaru","tag-hospital-regional-do-agreste","tag-hra","tag-policia-rodoviaria-federal","tag-policial"],"_links":{"self":[{"href":"https:\/\/blogdoedvaldomagalhaes.com.br\/index.php\/wp-json\/wp\/v2\/posts\/8878","targetHints":{"allow":["GET"]}}],"collection":[{"href":"https:\/\/blogdoedvaldomagalhaes.com.br\/index.php\/wp-json\/wp\/v2\/posts"}],"about":[{"href":"https:\/\/blogdoedvaldomagalhaes.com.br\/index.php\/wp-json\/wp\/v2\/types\/post"}],"author":[{"embeddable":true,"href":"https:\/\/blogdoedvaldomagalhaes.com.br\/index.php\/wp-json\/wp\/v2\/users\/1"}],"replies":[{"embeddable":true,"href":"https:\/\/blogdoedvaldomagalhaes.com.br\/index.php\/wp-json\/wp\/v2\/comments?post=8878"}],"version-history":[{"count":1,"href":"https:\/\/blogdoedvaldomagalhaes.com.br\/index.php\/wp-json\/wp\/v2\/posts\/8878\/revisions"}],"predecessor-version":[{"id":10638,"href":"https:\/\/blogdoedvaldomagalhaes.com.br\/index.php\/wp-json\/wp\/v2\/posts\/8878\/revisions\/10638"}],"wp:attachment":[{"href":"https:\/\/blogdoedvaldomagalhaes.com.br\/index.php\/wp-json\/wp\/v2\/media?parent=8878"}],"wp:term":[{"taxonomy":"category","embeddable":true,"href":"https:\/\/blogdoedvaldomagalhaes.com.br\/index.php\/wp-json\/wp\/v2\/categories?post=8878"},{"taxonomy":"post_tag","embeddable":true,"href":"https:\/\/blogdoedvaldomagalhaes.com.br\/index.php\/wp-json\/wp\/v2\/tags?post=8878"}],"curies":[{"name":"wp","href":"https:\/\/api.w.org\/{rel}","templated":true}]}}