{"id":88772,"date":"2022-10-09T21:45:24","date_gmt":"2022-10-10T00:45:24","guid":{"rendered":"https:\/\/blogdoedvaldomagalhaes.com.br\/?p=88772"},"modified":"2022-10-10T13:01:25","modified_gmt":"2022-10-10T16:01:25","slug":"abertura-da-xx-edicao-dos-jogos-escolares-municipais-de-caruaru-e-do-viii-jogos-universitarios-de-caruaru","status":"publish","type":"post","link":"https:\/\/blogdoedvaldomagalhaes.com.br\/index.php\/2022\/10\/09\/abertura-da-xx-edicao-dos-jogos-escolares-municipais-de-caruaru-e-do-viii-jogos-universitarios-de-caruaru\/","title":{"rendered":"Abertura da XX edi\u00e7\u00e3o dos Jogos Escolares Municipais de Caruaru e do VIII Jogos Universit\u00e1rios de Caruaru"},"content":{"rendered":"<p style=\"text-align: justify;\">A Secretaria de Educa\u00e7\u00e3o e Esportes realiza na noite desta segunda-feira (10) a abertura dos XX Jogos Escolares Municipais de Caruaru \u00a0(JEMC 2022) e dos VIII Jogos Universit\u00e1rios de Caruaru &#8211; 2022. Confira a programa\u00e7\u00e3o abaixo:<\/p>\n<p style=\"text-align: justify;\">Hor\u00e1rio: 18H30<br \/>\nLocal: Gin\u00e1sio do Col\u00e9gio Municipal \u00c1lvaro Lins (rua Visconde de Inha\u00fama, s\/n\u00ba &#8211; Maur\u00edcio de Nassau)<\/p>\n<p style=\"text-align: justify;\"><strong>Programa\u00e7\u00e3o<\/strong><\/p>\n<p style=\"text-align: justify;\">18h &#8211; Concentra\u00e7\u00e3o das Delega\u00e7\u00f5es<br \/>\n18h30 &#8211; Forma\u00e7\u00e3o Frente de Honra<br \/>\n19h &#8211; Entrada das Delega\u00e7\u00f5es<br \/>\n19h15 &#8211; Entrada do Pavilh\u00e3o e Guardi\u00f5es das Bandeiras<br \/>\n19h20 &#8211; Execu\u00e7\u00e3o do Hino Nacional<br \/>\n19h25 &#8211; Juramento do Atleta<br \/>\n19h30 &#8211; Juramento do \u00c1rbitro<br \/>\n19h35 &#8211; Entrada do Fogo Simb\u00f3lico (Tocha)<br \/>\n19h40 &#8211; Acendimento da Pira Ol\u00edmpica<br \/>\n19h45 &#8211; Declara\u00e7\u00e3o de Abertura dos XIX Jogos Escolares Municipais de Caruaru e do VIII Jogos Universit\u00e1rio de Caruaru pelo prefeito Rodrigo Pinheiro<br \/>\n19h50 &#8211; Apresenta\u00e7\u00e3o Cultural<br \/>\n20h &#8211; Encerramento.<\/p>\n<p style=\"text-align: justify;\">Se inscreva no canal do Blog do Edvaldo Magalh\u00e3es no YouTube e siga no Instagram.<\/p>\n","protected":false},"excerpt":{"rendered":"<p>A Secretaria de Educa\u00e7\u00e3o e Esportes realiza na noite desta segunda-feira (10) a abertura dos XX Jogos Escolares Municipais de&hellip;<\/p>\n","protected":false},"author":1,"featured_media":88773,"comment_status":"closed","ping_status":"open","sticky":false,"template":"","format":"standard","meta":{"footnotes":""},"categories":[14120],"tags":[25799,2,19532,3406],"class_list":["post-88772","post","type-post","status-publish","format-standard","has-post-thumbnail","hentry","category-noticias","tag-abertura-da-xx-edicao-dos-jogos-escolares-municipais-de-caruaru-e-do-viii-jogos-universitarios-de-caruaru","tag-blog-do-edvaldo-magalhaes","tag-blog-mais-acessado-e-visualizado-de-caruaru-e-regiao","tag-caruaru"],"_links":{"self":[{"href":"https:\/\/blogdoedvaldomagalhaes.com.br\/index.php\/wp-json\/wp\/v2\/posts\/88772","targetHints":{"allow":["GET"]}}],"collection":[{"href":"https:\/\/blogdoedvaldomagalhaes.com.br\/index.php\/wp-json\/wp\/v2\/posts"}],"about":[{"href":"https:\/\/blogdoedvaldomagalhaes.com.br\/index.php\/wp-json\/wp\/v2\/types\/post"}],"author":[{"embeddable":true,"href":"https:\/\/blogdoedvaldomagalhaes.com.br\/index.php\/wp-json\/wp\/v2\/users\/1"}],"replies":[{"embeddable":true,"href":"https:\/\/blogdoedvaldomagalhaes.com.br\/index.php\/wp-json\/wp\/v2\/comments?post=88772"}],"version-history":[{"count":2,"href":"https:\/\/blogdoedvaldomagalhaes.com.br\/index.php\/wp-json\/wp\/v2\/posts\/88772\/revisions"}],"predecessor-version":[{"id":88785,"href":"https:\/\/blogdoedvaldomagalhaes.com.br\/index.php\/wp-json\/wp\/v2\/posts\/88772\/revisions\/88785"}],"wp:featuredmedia":[{"embeddable":true,"href":"https:\/\/blogdoedvaldomagalhaes.com.br\/index.php\/wp-json\/wp\/v2\/media\/88773"}],"wp:attachment":[{"href":"https:\/\/blogdoedvaldomagalhaes.com.br\/index.php\/wp-json\/wp\/v2\/media?parent=88772"}],"wp:term":[{"taxonomy":"category","embeddable":true,"href":"https:\/\/blogdoedvaldomagalhaes.com.br\/index.php\/wp-json\/wp\/v2\/categories?post=88772"},{"taxonomy":"post_tag","embeddable":true,"href":"https:\/\/blogdoedvaldomagalhaes.com.br\/index.php\/wp-json\/wp\/v2\/tags?post=88772"}],"curies":[{"name":"wp","href":"https:\/\/api.w.org\/{rel}","templated":true}]}}