{"id":88763,"date":"2022-10-09T19:18:26","date_gmt":"2022-10-09T22:18:26","guid":{"rendered":"https:\/\/blogdoedvaldomagalhaes.com.br\/?p=88763"},"modified":"2022-10-09T20:29:35","modified_gmt":"2022-10-09T23:29:35","slug":"frente-ampla-raquel-recebe-o-apoio-de-mais-de-500-liderancas-politicas-e-entidades-nos-primeiros-dias-de-2-turno","status":"publish","type":"post","link":"https:\/\/blogdoedvaldomagalhaes.com.br\/index.php\/2022\/10\/09\/frente-ampla-raquel-recebe-o-apoio-de-mais-de-500-liderancas-politicas-e-entidades-nos-primeiros-dias-de-2-turno\/","title":{"rendered":"Frente Ampla: Raquel recebe o apoio de mais de 500 lideran\u00e7as pol\u00edticas e entidades nos primeiros dias de 2\u00b0 turno"},"content":{"rendered":"<p style=\"text-align: justify;\"><span style=\"color: initial; font-size: revert;\">Ap\u00f3s consagrar-se com uma grande vit\u00f3ria pol\u00edtica ao confirmar seu nome no segundo turno, a candidata ao Governo do Estado, Raquel Lyra, soma, ao final da primeira semana, um crescimento consistente e plural ao receber o apoio de mais de 500 lideran\u00e7as que t\u00eam declarado espontaneamente o apoio, seja pela imprensa ou redes sociais, e tamb\u00e9m encontrando a candidata a vice-governadora, Priscila Krause, que est\u00e1 representando Raquel.<\/span><\/p>\n<p style=\"text-align: justify;\">O crescimento da candidatura e a capacidade de unir at\u00e9 mesmo grupos pol\u00edticos diferentes em mais de uma centena de munic\u00edpios j\u00e1 \u00e9 apontado como um verdadeiro fen\u00f4meno pol\u00edtico que ser\u00e1 confirmado com a vit\u00f3ria nas urnas.<\/p>\n<p style=\"text-align: justify;\">S\u00f3 de prefeitos que j\u00e1 est\u00e3o ao lado de Raquel s\u00e3o mais de 50, da Regi\u00e3o Metropolitana, Agreste, Sert\u00e3o e Zona da Mata. Para citar alguns exemplos, na RMR chegam ao palanque Keko do Armaz\u00e9m (Cabo de Santo Agostinho) e C\u00e9lia Sales (Ipojuca), na Zona da Mata est\u00e3o Paulo Roberto (Vit\u00f3ria), Junior de Beto (Palmares), Manoel Botafogo (Carpina), Cassiano (Condado) e Gra\u00e7a do Moinho (Lagoa de Itaenga), no Agreste chegam Lucielle (Bezerros), Gustavo Adolfo (Bonito), Josu\u00e9 Mendes (Agrestina) e Orlando Jorge (Limoeiro) e no Sert\u00e3o fizeram a escolha por Raquel e Priscila os prefeitos Sim\u00e3o Durando (Petrolina), Ricardo Ramos (Ouricuri), Evandro Valadares (S\u00e3o Jos\u00e9 do Egito) e Nicinha Melo (Tabira).<\/p>\n<p style=\"text-align: justify;\">Deputados federais eleitos, reeleitos ou de mandato, como Fernando Filho, Iza Arruda, Pastor Eurico, Mendon\u00e7a Filho, e estaduais, como Ant\u00f4nio Coelho, William Br\u00edgido, Rodrigo Novaes, Chaparral, Romero Sales Filho, Jeferson Tim\u00f3teo, D\u00e9bora Almeida, Renato Antunes, \u00c1lvaro Porto, Jarbas Filho, Joaozinho Ten\u00f3rio e Iza\u00edas Regis, tamb\u00e9m d\u00e3o a for\u00e7a necess\u00e1ria \u00e0 chapa para confirmar a vit\u00f3ria nas urnas.<\/p>\n<p style=\"text-align: justify;\">O apoio maci\u00e7o de vereadores de todas as regi\u00f5es tamb\u00e9m d\u00e1 \u00e0 chapa consist\u00eancia e pluralidade. S\u00e3o por exemplo vereadores do Recife, Cabo de Santo Agostinho e Jaboat\u00e3o dos Guararapes que chegam para ampliar o alcance da chapa. Grupos de diferentes correntes pol\u00edticas nos munic\u00edpios e representantes de entidades civis, como a Associa\u00e7\u00e3o de Rodovi\u00e1rios de Pernambuco e o Movimento Social Negro de Pernambuco, fizeram tamb\u00e9m quest\u00e3o de posicionar-se a favor de Raquel e Priscila.<\/p>\n\n\n<figure class=\"wp-block-image size-large\"><img loading=\"lazy\" decoding=\"async\" width=\"1024\" height=\"682\" src=\"https:\/\/blogdoedvaldomagalhaes.com.br\/wp-content\/uploads\/2022\/10\/IMG-20221009-WA0104-1024x682.jpg\" alt=\"\" class=\"wp-image-88765\" srcset=\"https:\/\/blogdoedvaldomagalhaes.com.br\/wp-content\/uploads\/2022\/10\/IMG-20221009-WA0104-1024x682.jpg 1024w, https:\/\/blogdoedvaldomagalhaes.com.br\/wp-content\/uploads\/2022\/10\/IMG-20221009-WA0104-300x200.jpg 300w, https:\/\/blogdoedvaldomagalhaes.com.br\/wp-content\/uploads\/2022\/10\/IMG-20221009-WA0104-768x512.jpg 768w, https:\/\/blogdoedvaldomagalhaes.com.br\/wp-content\/uploads\/2022\/10\/IMG-20221009-WA0104.jpg 1280w\" sizes=\"auto, (max-width: 1024px) 100vw, 1024px\" \/><\/figure>\n\n\n<p style=\"text-align: justify;\"><span style=\"font-size: revert; color: initial;\">O principal grupo de oposi\u00e7\u00e3o de Cust\u00f3dia, munic\u00edpio do Sert\u00e3o pernambucano, saiu do palanque de Mar\u00edlia Arraes (SD), e declarou neste domingo (09), apoio \u00e0 candidatura de Raquel Lyra (PSDB). Os vereadores Didi de Quitimbu (MDB) e Cristiano Teixeira (MDB), o ex-vice-prefeito Jo\u00e3ozito e a lideran\u00e7a Marc\u00edlio Ferraz, que j\u00e1 foi candidato a prefeito, estiverem reunidos com a candidata a vice-governadora Priscila Krause (Cidadania).<\/span><\/p>\n<p style=\"text-align: justify;\">\u201cEstamos deixando o palanque de Mar\u00edlia por entender que Raquel e Priscila representam a verdadeira mudan\u00e7a para Pernambuco pela capacidade que n\u00f3s enxergamos nas duas para governar nosso estado\u201d, destacou Marc\u00edlio.<\/p>\n<p style=\"text-align: justify;\">Entre as principais demandas da regi\u00e3o apontada pelo grupo est\u00e3o a melhora do abastecimento de \u00e1gua, a gera\u00e7\u00e3o de novos empregos e o combate \u00e0 pobreza.<\/p>\n\n\n<figure class=\"wp-block-image size-large\"><img loading=\"lazy\" decoding=\"async\" width=\"1024\" height=\"683\" src=\"https:\/\/blogdoedvaldomagalhaes.com.br\/wp-content\/uploads\/2022\/10\/IMG-20221009-WA0105-1024x683.jpg\" alt=\"\" class=\"wp-image-88766\" srcset=\"https:\/\/blogdoedvaldomagalhaes.com.br\/wp-content\/uploads\/2022\/10\/IMG-20221009-WA0105-1024x683.jpg 1024w, https:\/\/blogdoedvaldomagalhaes.com.br\/wp-content\/uploads\/2022\/10\/IMG-20221009-WA0105-300x200.jpg 300w, https:\/\/blogdoedvaldomagalhaes.com.br\/wp-content\/uploads\/2022\/10\/IMG-20221009-WA0105-768x512.jpg 768w, https:\/\/blogdoedvaldomagalhaes.com.br\/wp-content\/uploads\/2022\/10\/IMG-20221009-WA0105-1536x1024.jpg 1536w, https:\/\/blogdoedvaldomagalhaes.com.br\/wp-content\/uploads\/2022\/10\/IMG-20221009-WA0105.jpg 1600w\" sizes=\"auto, (max-width: 1024px) 100vw, 1024px\" \/><\/figure>\n\n\n<p style=\"text-align: justify;\"><span style=\"font-size: revert; color: initial;\">O deputado estadual reeleito, William Brigido, do Republicanos, confirmou seu apoio \u00e0 candidatura de Raquel Lyra (PSDB) ao Governo de Pernambuco. O parlamentar esteve neste domingo (09) reunido com a candidata a vice-governadora, Priscila Krause.<\/span><\/p>\n<p style=\"text-align: justify;\">\u201c\u00c9 o melhor para Pernambuco. Nosso estado merece uma governadora que tenha compromisso com esse estado. Independente de quem seja o presidente, ela est\u00e1 mostrando que quer cuidar de Pernambuco. Nosso maior interesse, o que a nossa popula\u00e7\u00e3o e os nossos eleitores pedem \u00e9 ver o bem de Pernambuco, por isso, vamos com Raquel\u201d, afirmou o deputado.<\/p>","protected":false},"excerpt":{"rendered":"<p>Ap\u00f3s consagrar-se com uma grande vit\u00f3ria pol\u00edtica ao confirmar seu nome no segundo turno, a candidata ao Governo do Estado,&hellip;<\/p>\n","protected":false},"author":1,"featured_media":88768,"comment_status":"closed","ping_status":"open","sticky":false,"template":"","format":"standard","meta":{"footnotes":""},"categories":[14122],"tags":[2,19532,3406,19613,25797,20,11483,1951],"class_list":["post-88763","post","type-post","status-publish","format-standard","has-post-thumbnail","hentry","category-politica","tag-blog-do-edvaldo-magalhaes","tag-blog-mais-acessado-e-visualizado-de-caruaru-e-regiao","tag-caruaru","tag-eleicoes","tag-frente-ampla-raquel-recebe-o-apoio-de-mais-de-500-liderancas-politicas-e-entidades-nos-primeiros-dias-de-2-turno","tag-politica","tag-priscila-krause","tag-psdb"],"_links":{"self":[{"href":"https:\/\/blogdoedvaldomagalhaes.com.br\/index.php\/wp-json\/wp\/v2\/posts\/88763","targetHints":{"allow":["GET"]}}],"collection":[{"href":"https:\/\/blogdoedvaldomagalhaes.com.br\/index.php\/wp-json\/wp\/v2\/posts"}],"about":[{"href":"https:\/\/blogdoedvaldomagalhaes.com.br\/index.php\/wp-json\/wp\/v2\/types\/post"}],"author":[{"embeddable":true,"href":"https:\/\/blogdoedvaldomagalhaes.com.br\/index.php\/wp-json\/wp\/v2\/users\/1"}],"replies":[{"embeddable":true,"href":"https:\/\/blogdoedvaldomagalhaes.com.br\/index.php\/wp-json\/wp\/v2\/comments?post=88763"}],"version-history":[{"count":1,"href":"https:\/\/blogdoedvaldomagalhaes.com.br\/index.php\/wp-json\/wp\/v2\/posts\/88763\/revisions"}],"predecessor-version":[{"id":88767,"href":"https:\/\/blogdoedvaldomagalhaes.com.br\/index.php\/wp-json\/wp\/v2\/posts\/88763\/revisions\/88767"}],"wp:featuredmedia":[{"embeddable":true,"href":"https:\/\/blogdoedvaldomagalhaes.com.br\/index.php\/wp-json\/wp\/v2\/media\/88768"}],"wp:attachment":[{"href":"https:\/\/blogdoedvaldomagalhaes.com.br\/index.php\/wp-json\/wp\/v2\/media?parent=88763"}],"wp:term":[{"taxonomy":"category","embeddable":true,"href":"https:\/\/blogdoedvaldomagalhaes.com.br\/index.php\/wp-json\/wp\/v2\/categories?post=88763"},{"taxonomy":"post_tag","embeddable":true,"href":"https:\/\/blogdoedvaldomagalhaes.com.br\/index.php\/wp-json\/wp\/v2\/tags?post=88763"}],"curies":[{"name":"wp","href":"https:\/\/api.w.org\/{rel}","templated":true}]}}