{"id":88755,"date":"2022-10-09T18:48:55","date_gmt":"2022-10-09T21:48:55","guid":{"rendered":"https:\/\/blogdoedvaldomagalhaes.com.br\/?p=88755"},"modified":"2022-10-09T19:03:03","modified_gmt":"2022-10-09T22:03:03","slug":"mais-de-150-liderancas-politicas-e-dezenas-de-entidades-declaram-apoio-a-marilia-arraes-na-primeira-semana-do-2-turno","status":"publish","type":"post","link":"https:\/\/blogdoedvaldomagalhaes.com.br\/index.php\/2022\/10\/09\/mais-de-150-liderancas-politicas-e-dezenas-de-entidades-declaram-apoio-a-marilia-arraes-na-primeira-semana-do-2-turno\/","title":{"rendered":"Mais de 150 lideran\u00e7as pol\u00edticas e dezenas de entidades declaram apoio a Mar\u00edlia Arraes na primeira semana do 2\u00b0 turno"},"content":{"rendered":"<p style=\"text-align: justify;\"><span style=\"color: initial; font-size: revert;\">A coliga\u00e7\u00e3o PERNAMBUCO NA VEIA fechou a primeira semana do segundo turno da disputa pelo Governo do Estado com uma enxurrada de novos refor\u00e7os. A chapa majorit\u00e1ria, capitaneada pela candidata Mar\u00edlia Arraes, recebeu o apoio de mais de 150 lideran\u00e7as pol\u00edticas, al\u00e9m de dezenas de entidades da sociedade civil e partidos.\u00a0<\/span><\/p>\n<p style=\"text-align: justify;\">Entre as legendas que se somaram ao palanque de Mar\u00edlia est\u00e3o: PT, PSOL, PDT, PV, PCdoB, Republicanos e PMB. A candidata tamb\u00e9m recebeu o apoio das principais entidades ligadas aos trabalhadores e trabalhadoras do campo e agricultura familiar, a exemplo da FETAPE \u2013 que congrega mais de 170 sindicatos \u2013 a FETAEPE, que re\u00fane 29 sindicatos, e o Movimento dos Trabalhadores Rurais Sem Terra (MST).<\/p>\n<p style=\"text-align: justify;\">Principais lideran\u00e7as do PT em Pernambuco, o senador, Humberto Costa e a senadora eleita Teresa Leit\u00e3o comandaram, ao lado do presidente da legenda, deputado estadual Doriel Barros, e do deputado federal Carlos Veras, a chegada do partido \u2013 com suas tend\u00eancias internas, parlamentares e milit\u00e2ncia \u2013 ao palanque de Mar\u00edlia.<\/p>\n<p style=\"text-align: justify;\">A coliga\u00e7\u00e3o PERNAMBUCO NA VEIA tamb\u00e9m recebeu o apoio de uma s\u00e9rie de deputados estaduais: Jos\u00e9 Queiroz (PDT), Isaltino Nascimento (PSB), Jo\u00e3o Paulo (PT), Francismar Pontes (PT), Juntas (PSOL) e Clodoaldo Magalh\u00e3es (PV), este \u00faltimo eleito agora como deputado federal. As deputadas estaduais eleitas Rosa Amorim (PT) e Socorro Pimentel (Uni\u00e3o Brasil), tamb\u00e9m est\u00e3o com Mar\u00edlia. A candidata ao Governo de Pernambuco j\u00e1 contava, em seu palanque, com os deputados estaduais Gustavo Gouveia (SD), Fab\u00edola Cabral (SD), Rog\u00e9rio Le\u00e3o (PSB), Wanderson Flor\u00eancio (SD) e Fabr\u00edcio Ferraz (SD). Tamb\u00e9m se somaram \u00e0 candidatura de Mar\u00edlia os deputados federais Silvio Costa Filho (Republicanos), Wolney Queiroz (PDT), Renildo Calheiros (PCdoB) e Carlos Veras (PT).<\/p>\n<p style=\"text-align: justify;\">\u00c9 forte tamb\u00e9m a movimenta\u00e7\u00e3o dos prefeitos pernambucanos. Entre os que declararam apoio ao longo da semana est\u00e3o: Douglas Duarte (PSB\/Angelim); Gilson Bento (Republicanos\/Brejinho); Patrick Moraes (PSD\/Itaquitinga); Gustavo Carib\u00e9 (MDB\/Bel\u00e9m de S\u00e3o Francisco); Matheus Martins (PSD\/Terezinha); Z\u00e9 Martins (PSB\/Jo\u00e3o Alfredo); Vin\u00edcius Labanca (PSB\/S\u00e3o Louren\u00e7o da Mata); C\u00e9sar Augusto (PCdoB\/Sanhar\u00f3); George Gueber (PT\/Oroc\u00f3); \u00c1lvaro Marques (PT\/Tacaimb\u00f3) e Marcones S\u00e1 (PSB\/Salgueiro). Ainda no primeiro turno, Mar\u00edlia j\u00e1 havia acumulado o apoio de quase 30 prefeitos.<\/p>\n<p style=\"text-align: justify;\">A coliga\u00e7\u00e3o PERNAMBUCO NA VEIA recebeu ainda o apoio de mais de 50 vereadores nos \u00faltimos sete dias. Entre eles: Dani Portela (PSOL\/Recife); Ivan Moraes (PSOL\/Recife); Marco Aur\u00e9lio Filho (PRTB\/Recife); Felipe Francismar (PSB\/Recife); Chico Kiko (PP\/Recife); Cida Pedrosa (PCdoB\/Recife); Vin\u00edcius Castello (PT\/Olinda); Fl\u00e1via Hellen (PT\/Paulista) e Perp\u00e9tua Dantas (PSDB\/Caruaru).<\/p>\n<p style=\"text-align: justify;\">Mar\u00edlia Arraes destacou a import\u00e2ncia dos apoios e agradeceu o empenho de lideran\u00e7as, partidos e entidades. \u201cO momento \u00e9 de muita responsabilidade, e receber esses apoios nos d\u00e1 ainda mais for\u00e7a para seguir na tarefa de eleger o presidente Lula e de resgatar Pernambuco, preparando o nosso Estado para as gera\u00e7\u00f5es futuras. E ainda tem muito mais gente chegando!\u201d, afirmou.<\/p>\n\n\n<figure class=\"wp-block-image size-full is-resized\"><img loading=\"lazy\" decoding=\"async\" src=\"https:\/\/blogdoedvaldomagalhaes.com.br\/wp-content\/uploads\/2022\/10\/IMG-20221009-WA0100.jpg\" alt=\"\" class=\"wp-image-88759\" width=\"343\" height=\"343\" srcset=\"https:\/\/blogdoedvaldomagalhaes.com.br\/wp-content\/uploads\/2022\/10\/IMG-20221009-WA0100.jpg 960w, https:\/\/blogdoedvaldomagalhaes.com.br\/wp-content\/uploads\/2022\/10\/IMG-20221009-WA0100-300x300.jpg 300w, https:\/\/blogdoedvaldomagalhaes.com.br\/wp-content\/uploads\/2022\/10\/IMG-20221009-WA0100-150x150.jpg 150w, https:\/\/blogdoedvaldomagalhaes.com.br\/wp-content\/uploads\/2022\/10\/IMG-20221009-WA0100-768x768.jpg 768w\" sizes=\"auto, (max-width: 343px) 100vw, 343px\" \/><\/figure>\n\n\n<p style=\"text-align: justify;\"><span style=\"font-size: revert; color: initial;\">Reeleito com mais de 46 mil votos, o deputado estadual Romero Albuquerque anunciou apoio \u00e0 candidatura de Mar\u00edlia Arraes. O co-deputado eleito, Luis Romero, e a vereadora do Recife, Andreza Romero, tamb\u00e9m embarcaram no palanque da coliga\u00e7\u00e3o PERNAMBUCO NA VEIA.<\/span><\/p>\n<p style=\"text-align: justify;\">Romero, que foi vereador do Recife ao lado de Mar\u00edlia Arraes, falou sobre a compet\u00eancia e capacidade pol\u00edtica que Mar\u00edlia tem para governar Pernambuco.<\/p>\n<p style=\"text-align: justify;\">&#8220;Chegou o momento de Mar\u00edlia, o momento de unir, de agregar, para que Pernambuco cres\u00e7a em pol\u00edticas sociais, em pol\u00edticas p\u00fablicas para os animais, gera\u00e7\u00e3o de emprego, combate \u00e0 fome&#8221;, afirma Romero.<\/p>\n\n\n<figure class=\"wp-block-image size-full\"><img loading=\"lazy\" decoding=\"async\" width=\"650\" height=\"467\" src=\"https:\/\/blogdoedvaldomagalhaes.com.br\/wp-content\/uploads\/2022\/10\/IMG-20221009-WA0101.jpg\" alt=\"\" class=\"wp-image-88760\" srcset=\"https:\/\/blogdoedvaldomagalhaes.com.br\/wp-content\/uploads\/2022\/10\/IMG-20221009-WA0101.jpg 650w, https:\/\/blogdoedvaldomagalhaes.com.br\/wp-content\/uploads\/2022\/10\/IMG-20221009-WA0101-300x216.jpg 300w\" sizes=\"auto, (max-width: 650px) 100vw, 650px\" \/><\/figure>\n\n\n<p style=\"text-align: justify;\"><span style=\"font-size: revert; color: initial;\">A onda de apoios de lideran\u00e7as pol\u00edticas \u00e0 candidatura de Mar\u00edlia Arraes s\u00f3 faz aumentar. Neste domingo foi a vez do vereador do Recife, Alcides Teixeira Neto (PSB), confirmar sua chegada ao palanque comandado pela neta de Miguel Arraes neste segundo turno.<\/span><\/p>\n<p style=\"text-align: justify;\">O vereador \u00e9 um dos mais influentes do legislativo municipal e acredita que Mar\u00edlia ir\u00e1 governar Pernambuco de maneira mais justa e alinhada com o presidente Lula. &#8220;Agora \u00e9 Mar\u00edlia Arraes 77 para governar o nosso estado. Estamos juntos nessa luta&#8221;, afirma.<\/p>\n\n\n<figure class=\"wp-block-image size-large\"><img loading=\"lazy\" decoding=\"async\" width=\"1024\" height=\"768\" src=\"https:\/\/blogdoedvaldomagalhaes.com.br\/wp-content\/uploads\/2022\/10\/IMG-20221009-WA0102-1024x768.jpg\" alt=\"\" class=\"wp-image-88761\" srcset=\"https:\/\/blogdoedvaldomagalhaes.com.br\/wp-content\/uploads\/2022\/10\/IMG-20221009-WA0102-1024x768.jpg 1024w, https:\/\/blogdoedvaldomagalhaes.com.br\/wp-content\/uploads\/2022\/10\/IMG-20221009-WA0102-300x225.jpg 300w, https:\/\/blogdoedvaldomagalhaes.com.br\/wp-content\/uploads\/2022\/10\/IMG-20221009-WA0102-768x576.jpg 768w, https:\/\/blogdoedvaldomagalhaes.com.br\/wp-content\/uploads\/2022\/10\/IMG-20221009-WA0102-160x120.jpg 160w, https:\/\/blogdoedvaldomagalhaes.com.br\/wp-content\/uploads\/2022\/10\/IMG-20221009-WA0102.jpg 1280w\" sizes=\"auto, (max-width: 1024px) 100vw, 1024px\" \/><figcaption>Fotos: Tiago Calazans<\/figcaption><\/figure>\n\n\n<p style=\"text-align: justify;\"><span style=\"font-size: revert; color: initial;\">O\u00a0 palanque da coliga\u00e7\u00e3o PERNAMBUCO NA VEIA continua ampliando o n\u00famero de lideran\u00e7as apoiando Mar\u00edlia Arraes ao Governo de Pernambuco. O vice-l\u00edder do PSB na C\u00e2mara Municipal do Recife, vereador Joselito Ferreira, confirmou seu apoio \u00e0 candidatura de Mar\u00edlia.<\/span><\/p>\n<p style=\"text-align: justify;\">A oficializa\u00e7\u00e3o aconteceu no final da tarde deste domingo e aumentou o n\u00famero de vereadores do Recife ao lado da neta de Miguel Arraes. O palanque do presidente Lula em Pernambuco est\u00e1 cada dia mais forte.<\/p>\n<p style=\"text-align: justify;\">&#8220;Mar\u00edlia defende a Democracia, o presidente Lula e um estado mais justo para as pessoas morarem. Estamos caminhando ao lado dela por saber que seu palanque \u00e9 o que sempre defendeu Lula&#8221;, afirma Joselito.<\/p>","protected":false},"excerpt":{"rendered":"<p>A coliga\u00e7\u00e3o PERNAMBUCO NA VEIA fechou a primeira semana do segundo turno da disputa pelo Governo do Estado com uma&hellip;<\/p>\n","protected":false},"author":1,"featured_media":88756,"comment_status":"closed","ping_status":"open","sticky":false,"template":"","format":"standard","meta":{"footnotes":""},"categories":[14122],"tags":[2,19532,3406,19613,25796,20],"class_list":["post-88755","post","type-post","status-publish","format-standard","has-post-thumbnail","hentry","category-politica","tag-blog-do-edvaldo-magalhaes","tag-blog-mais-acessado-e-visualizado-de-caruaru-e-regiao","tag-caruaru","tag-eleicoes","tag-mais-de-150-liderancas-politicas-e-dezenas-de-entidades-declaram-apoio-a-marilia-arraes-na-primeira-semana-do-2-turno","tag-politica"],"_links":{"self":[{"href":"https:\/\/blogdoedvaldomagalhaes.com.br\/index.php\/wp-json\/wp\/v2\/posts\/88755","targetHints":{"allow":["GET"]}}],"collection":[{"href":"https:\/\/blogdoedvaldomagalhaes.com.br\/index.php\/wp-json\/wp\/v2\/posts"}],"about":[{"href":"https:\/\/blogdoedvaldomagalhaes.com.br\/index.php\/wp-json\/wp\/v2\/types\/post"}],"author":[{"embeddable":true,"href":"https:\/\/blogdoedvaldomagalhaes.com.br\/index.php\/wp-json\/wp\/v2\/users\/1"}],"replies":[{"embeddable":true,"href":"https:\/\/blogdoedvaldomagalhaes.com.br\/index.php\/wp-json\/wp\/v2\/comments?post=88755"}],"version-history":[{"count":2,"href":"https:\/\/blogdoedvaldomagalhaes.com.br\/index.php\/wp-json\/wp\/v2\/posts\/88755\/revisions"}],"predecessor-version":[{"id":88762,"href":"https:\/\/blogdoedvaldomagalhaes.com.br\/index.php\/wp-json\/wp\/v2\/posts\/88755\/revisions\/88762"}],"wp:featuredmedia":[{"embeddable":true,"href":"https:\/\/blogdoedvaldomagalhaes.com.br\/index.php\/wp-json\/wp\/v2\/media\/88756"}],"wp:attachment":[{"href":"https:\/\/blogdoedvaldomagalhaes.com.br\/index.php\/wp-json\/wp\/v2\/media?parent=88755"}],"wp:term":[{"taxonomy":"category","embeddable":true,"href":"https:\/\/blogdoedvaldomagalhaes.com.br\/index.php\/wp-json\/wp\/v2\/categories?post=88755"},{"taxonomy":"post_tag","embeddable":true,"href":"https:\/\/blogdoedvaldomagalhaes.com.br\/index.php\/wp-json\/wp\/v2\/tags?post=88755"}],"curies":[{"name":"wp","href":"https:\/\/api.w.org\/{rel}","templated":true}]}}