{"id":88743,"date":"2022-10-09T13:19:35","date_gmt":"2022-10-09T16:19:35","guid":{"rendered":"https:\/\/blogdoedvaldomagalhaes.com.br\/?p=88743"},"modified":"2022-10-09T13:23:33","modified_gmt":"2022-10-09T16:23:33","slug":"procurado-por-latrocinio-e-suspeita-de-receptacao-sao-detidos-pela-prf","status":"publish","type":"post","link":"https:\/\/blogdoedvaldomagalhaes.com.br\/index.php\/2022\/10\/09\/procurado-por-latrocinio-e-suspeita-de-receptacao-sao-detidos-pela-prf\/","title":{"rendered":"Procurado por latroc\u00ednio e suspeita de recepta\u00e7\u00e3o s\u00e3o detidos pela PRF"},"content":{"rendered":"<p style=\"text-align: justify;\"><span style=\"color: initial; font-size: revert;\">Um homem foragido da justi\u00e7a pelo crime de latroc\u00ednio e uma mulher suspeita de recepta\u00e7\u00e3o foram detidos, na tarde de s\u00e1bado (8), pela Pol\u00edcia Rodovi\u00e1ria Federal (PRF), no Km 70 da BR 101, no Curado, na Zona Oeste do Recife. A dupla estava em um carro com diversas mercadorias suspeitas de serem roubadas.<\/span><\/p>\n<p style=\"text-align: justify;\">O flagrante foi realizado durante a abordagem a um carro, nas proximidades do Centro de Abastecimento e Log\u00edstica de Pernambuco (Ceasa). Ao verificar o porta-malas do ve\u00edculo, foram encontrados diversos alimentos, roupas, cal\u00e7ados e uma piscina infl\u00e1vel que eram transportados sem nota fiscal.<\/p>\n<p style=\"text-align: justify;\">Aos policiais, a motorista disse que havia adquirido os produtos em uma feira em Jaboat\u00e3o dos Guararapes para revender em uma feira em Abreu e Lima, ambas no Grande Recife. Em consulta, a equipe descobriu que a mulher integra uma quadrilha de roubo de mercadorias e responde a cerca de 17 processos criminais, em conjunto com a m\u00e3e e a irm\u00e3.<\/p>\n<p style=\"text-align: justify;\">O passageiro apresentou a c\u00f3pia de uma identidade, mas em consulta foi descoberto que ele estava tentando se passar por outra pessoa. Ao identificar o nome verdadeiro dele, a equipe descobriu que o homem era procurado por latroc\u00ednio, a partir de um mandado de pris\u00e3o expedido em mar\u00e7o deste ano, pela 1\u00aa Vara C\u00edvel de Parna\u00edba, no Piau\u00ed.<\/p>\n<p style=\"text-align: justify;\">A dupla foi encaminhada junto com o material apreendido \u00e0 Central de Plant\u00f5es da Capital (Ceplanc), em Campo Grande, na Zona Norte do Recife.<\/p>\n<p style=\"text-align: justify;\">Se inscreva no canal do Blog do Edvaldo Magalh\u00e3es no YouTube e siga no Instagram.<\/p>\n\n\n<figure class=\"wp-block-image size-large\"><img loading=\"lazy\" decoding=\"async\" width=\"1024\" height=\"842\" src=\"https:\/\/blogdoedvaldomagalhaes.com.br\/wp-content\/uploads\/2022\/10\/IMG-20221009-WA0028-1024x842.jpg\" alt=\"\" class=\"wp-image-88747\" srcset=\"https:\/\/blogdoedvaldomagalhaes.com.br\/wp-content\/uploads\/2022\/10\/IMG-20221009-WA0028-1024x842.jpg 1024w, https:\/\/blogdoedvaldomagalhaes.com.br\/wp-content\/uploads\/2022\/10\/IMG-20221009-WA0028-300x247.jpg 300w, https:\/\/blogdoedvaldomagalhaes.com.br\/wp-content\/uploads\/2022\/10\/IMG-20221009-WA0028-768x632.jpg 768w, https:\/\/blogdoedvaldomagalhaes.com.br\/wp-content\/uploads\/2022\/10\/IMG-20221009-WA0028.jpg 1246w\" sizes=\"auto, (max-width: 1024px) 100vw, 1024px\" \/><figcaption>Fotos: Divulga\u00e7\u00e3o\/PRF<\/figcaption><\/figure>\n","protected":false},"excerpt":{"rendered":"<p>Um homem foragido da justi\u00e7a pelo crime de latroc\u00ednio e uma mulher suspeita de recepta\u00e7\u00e3o foram detidos, na tarde de&hellip;<\/p>\n","protected":false},"author":1,"featured_media":88745,"comment_status":"closed","ping_status":"open","sticky":false,"template":"","format":"standard","meta":{"footnotes":""},"categories":[14121],"tags":[2,19532,3406,25794],"class_list":["post-88743","post","type-post","status-publish","format-standard","has-post-thumbnail","hentry","category-policial","tag-blog-do-edvaldo-magalhaes","tag-blog-mais-acessado-e-visualizado-de-caruaru-e-regiao","tag-caruaru","tag-procurado-por-latrocinio-e-suspeita-de-receptacao-sao-detidos-pela-prf"],"_links":{"self":[{"href":"https:\/\/blogdoedvaldomagalhaes.com.br\/index.php\/wp-json\/wp\/v2\/posts\/88743","targetHints":{"allow":["GET"]}}],"collection":[{"href":"https:\/\/blogdoedvaldomagalhaes.com.br\/index.php\/wp-json\/wp\/v2\/posts"}],"about":[{"href":"https:\/\/blogdoedvaldomagalhaes.com.br\/index.php\/wp-json\/wp\/v2\/types\/post"}],"author":[{"embeddable":true,"href":"https:\/\/blogdoedvaldomagalhaes.com.br\/index.php\/wp-json\/wp\/v2\/users\/1"}],"replies":[{"embeddable":true,"href":"https:\/\/blogdoedvaldomagalhaes.com.br\/index.php\/wp-json\/wp\/v2\/comments?post=88743"}],"version-history":[{"count":2,"href":"https:\/\/blogdoedvaldomagalhaes.com.br\/index.php\/wp-json\/wp\/v2\/posts\/88743\/revisions"}],"predecessor-version":[{"id":88748,"href":"https:\/\/blogdoedvaldomagalhaes.com.br\/index.php\/wp-json\/wp\/v2\/posts\/88743\/revisions\/88748"}],"wp:featuredmedia":[{"embeddable":true,"href":"https:\/\/blogdoedvaldomagalhaes.com.br\/index.php\/wp-json\/wp\/v2\/media\/88745"}],"wp:attachment":[{"href":"https:\/\/blogdoedvaldomagalhaes.com.br\/index.php\/wp-json\/wp\/v2\/media?parent=88743"}],"wp:term":[{"taxonomy":"category","embeddable":true,"href":"https:\/\/blogdoedvaldomagalhaes.com.br\/index.php\/wp-json\/wp\/v2\/categories?post=88743"},{"taxonomy":"post_tag","embeddable":true,"href":"https:\/\/blogdoedvaldomagalhaes.com.br\/index.php\/wp-json\/wp\/v2\/tags?post=88743"}],"curies":[{"name":"wp","href":"https:\/\/api.w.org\/{rel}","templated":true}]}}