{"id":88733,"date":"2022-10-09T12:55:07","date_gmt":"2022-10-09T15:55:07","guid":{"rendered":"https:\/\/blogdoedvaldomagalhaes.com.br\/?p=88733"},"modified":"2022-10-09T12:55:14","modified_gmt":"2022-10-09T15:55:14","slug":"trio-e-preso-com-mais-de-10kg-de-maconha","status":"publish","type":"post","link":"https:\/\/blogdoedvaldomagalhaes.com.br\/index.php\/2022\/10\/09\/trio-e-preso-com-mais-de-10kg-de-maconha\/","title":{"rendered":"Trio \u00e9 preso com mais de 10kg de maconha"},"content":{"rendered":"<p style=\"text-align: justify;\"><span style=\"font-size: revert; color: initial;\">Tr\u00eas homens foram presos, s\u00e1bado(08), por tr\u00e1fico de drogas e posse ilegal de arma de fogo, na zona rural de Gravat\u00e1. Policiais militares da 5\u00aa CIPM receberam informa\u00e7\u00f5es sobre o com\u00e9rcio ilegal de entorpecentes na \u00e1rea e articularam uma opera\u00e7\u00e3o para capturar os suspeitos. Foi feita uma campana no local indicado e o primeiro deles, que faria uma entrega, foi avistado e abordado. Ele estava com 1kg de maconha e acabou revelando que o restante do material e uma espingarda artesanal calibre .12 estariam em uma garagem. No ponto indicado, estavam os outros dois envolvidos, 10kg da mesma droga, a espingarda, um rev\u00f3lver calibre .38 e muni\u00e7\u00f5es. Juntamente com a apreens\u00e3o, o trio foi apresentado na Delegacia de Pol\u00edcia Civil, para a ado\u00e7\u00e3o das medidas cab\u00edveis.<\/span><\/p>\n","protected":false},"excerpt":{"rendered":"<p>Tr\u00eas homens foram presos, s\u00e1bado(08), por tr\u00e1fico de drogas e posse ilegal de arma de fogo, na zona rural de&hellip;<\/p>\n","protected":false},"author":1,"featured_media":88734,"comment_status":"closed","ping_status":"open","sticky":false,"template":"","format":"standard","meta":{"footnotes":""},"categories":[14121],"tags":[2,19532,3406,25793],"class_list":["post-88733","post","type-post","status-publish","format-standard","has-post-thumbnail","hentry","category-policial","tag-blog-do-edvaldo-magalhaes","tag-blog-mais-acessado-e-visualizado-de-caruaru-e-regiao","tag-caruaru","tag-trio-e-preso-com-mais-de-10kg-de-maconha"],"_links":{"self":[{"href":"https:\/\/blogdoedvaldomagalhaes.com.br\/index.php\/wp-json\/wp\/v2\/posts\/88733","targetHints":{"allow":["GET"]}}],"collection":[{"href":"https:\/\/blogdoedvaldomagalhaes.com.br\/index.php\/wp-json\/wp\/v2\/posts"}],"about":[{"href":"https:\/\/blogdoedvaldomagalhaes.com.br\/index.php\/wp-json\/wp\/v2\/types\/post"}],"author":[{"embeddable":true,"href":"https:\/\/blogdoedvaldomagalhaes.com.br\/index.php\/wp-json\/wp\/v2\/users\/1"}],"replies":[{"embeddable":true,"href":"https:\/\/blogdoedvaldomagalhaes.com.br\/index.php\/wp-json\/wp\/v2\/comments?post=88733"}],"version-history":[{"count":1,"href":"https:\/\/blogdoedvaldomagalhaes.com.br\/index.php\/wp-json\/wp\/v2\/posts\/88733\/revisions"}],"predecessor-version":[{"id":88735,"href":"https:\/\/blogdoedvaldomagalhaes.com.br\/index.php\/wp-json\/wp\/v2\/posts\/88733\/revisions\/88735"}],"wp:featuredmedia":[{"embeddable":true,"href":"https:\/\/blogdoedvaldomagalhaes.com.br\/index.php\/wp-json\/wp\/v2\/media\/88734"}],"wp:attachment":[{"href":"https:\/\/blogdoedvaldomagalhaes.com.br\/index.php\/wp-json\/wp\/v2\/media?parent=88733"}],"wp:term":[{"taxonomy":"category","embeddable":true,"href":"https:\/\/blogdoedvaldomagalhaes.com.br\/index.php\/wp-json\/wp\/v2\/categories?post=88733"},{"taxonomy":"post_tag","embeddable":true,"href":"https:\/\/blogdoedvaldomagalhaes.com.br\/index.php\/wp-json\/wp\/v2\/tags?post=88733"}],"curies":[{"name":"wp","href":"https:\/\/api.w.org\/{rel}","templated":true}]}}