{"id":88726,"date":"2022-10-08T20:04:52","date_gmt":"2022-10-08T23:04:52","guid":{"rendered":"https:\/\/blogdoedvaldomagalhaes.com.br\/?p=88726"},"modified":"2022-10-08T20:04:54","modified_gmt":"2022-10-08T23:04:54","slug":"pm-prende-marido-que-torturou-esposa","status":"publish","type":"post","link":"https:\/\/blogdoedvaldomagalhaes.com.br\/index.php\/2022\/10\/08\/pm-prende-marido-que-torturou-esposa\/","title":{"rendered":"PM prende marido que torturou esposa"},"content":{"rendered":"<p style=\"text-align: justify;\"><span style=\"font-size: revert; color: initial;\">Policiais militares do 14\u00ba BPM prenderam um homem por les\u00e3o corporal por viol\u00eancia dom\u00e9stica, na zona rural de Flores. Um vigilante do hospital local acionou o batalh\u00e3o, por telefone, informando que uma mulher deu entrada na unidade ferida por faca e que, segundo ela, o agressor seria seu marido.<\/span><\/p>\n<p style=\"text-align: justify;\">De imediato foi feito o deslocamento at\u00e9 o hospital, onde a v\u00edtima estava recebendo atendimento m\u00e9dico e relatou que o companheiro a torturou dentro de casa, com socos, ferro quente e cortes de faca nos bra\u00e7oos, p\u00e9s e pernas. Ela estava ainda com v\u00e1rios hematomas pelo corpo e teve o cabelo tamb\u00e9m cortado de faca.<\/p>\n<p style=\"text-align: justify;\">A v\u00edtima, que est\u00e1 gr\u00e1vida de g\u00eameos em uma gesta\u00e7\u00e3o de cerca de seis meses, relatou ainda que as agress\u00f5es s\u00f3 pararam quando o homem saiu dizendo que ia comprar linha para dar pontos em seus ferimentos e ela aproveitou para pedir socorro.<\/p>\n<p style=\"text-align: justify;\">Os policiais sa\u00edram em dilig\u00eancias e conseguiram localizar o homem, que foi preso e apresentado na Delegacia de Pol\u00edcia Civil de Serra Talhada, para ado\u00e7\u00e3o das medidas cab\u00edveis. Foto: Divulga\u00e7\u00e3o\/PMPE.<\/p>\n<p style=\"text-align: justify;\">Se inscreva no canal do Blog do Edvaldo Magalh\u00e3es no YouTube e siga no Instagram.<\/p>\n","protected":false},"excerpt":{"rendered":"<p>Policiais militares do 14\u00ba BPM prenderam um homem por les\u00e3o corporal por viol\u00eancia dom\u00e9stica, na zona rural de Flores. Um&hellip;<\/p>\n","protected":false},"author":1,"featured_media":88727,"comment_status":"closed","ping_status":"open","sticky":false,"template":"","format":"standard","meta":{"footnotes":""},"categories":[14120],"tags":[2,19532,3406,25791],"class_list":["post-88726","post","type-post","status-publish","format-standard","has-post-thumbnail","hentry","category-noticias","tag-blog-do-edvaldo-magalhaes","tag-blog-mais-acessado-e-visualizado-de-caruaru-e-regiao","tag-caruaru","tag-pm-prende-marido-que-torturou-esposa"],"_links":{"self":[{"href":"https:\/\/blogdoedvaldomagalhaes.com.br\/index.php\/wp-json\/wp\/v2\/posts\/88726","targetHints":{"allow":["GET"]}}],"collection":[{"href":"https:\/\/blogdoedvaldomagalhaes.com.br\/index.php\/wp-json\/wp\/v2\/posts"}],"about":[{"href":"https:\/\/blogdoedvaldomagalhaes.com.br\/index.php\/wp-json\/wp\/v2\/types\/post"}],"author":[{"embeddable":true,"href":"https:\/\/blogdoedvaldomagalhaes.com.br\/index.php\/wp-json\/wp\/v2\/users\/1"}],"replies":[{"embeddable":true,"href":"https:\/\/blogdoedvaldomagalhaes.com.br\/index.php\/wp-json\/wp\/v2\/comments?post=88726"}],"version-history":[{"count":1,"href":"https:\/\/blogdoedvaldomagalhaes.com.br\/index.php\/wp-json\/wp\/v2\/posts\/88726\/revisions"}],"predecessor-version":[{"id":88728,"href":"https:\/\/blogdoedvaldomagalhaes.com.br\/index.php\/wp-json\/wp\/v2\/posts\/88726\/revisions\/88728"}],"wp:featuredmedia":[{"embeddable":true,"href":"https:\/\/blogdoedvaldomagalhaes.com.br\/index.php\/wp-json\/wp\/v2\/media\/88727"}],"wp:attachment":[{"href":"https:\/\/blogdoedvaldomagalhaes.com.br\/index.php\/wp-json\/wp\/v2\/media?parent=88726"}],"wp:term":[{"taxonomy":"category","embeddable":true,"href":"https:\/\/blogdoedvaldomagalhaes.com.br\/index.php\/wp-json\/wp\/v2\/categories?post=88726"},{"taxonomy":"post_tag","embeddable":true,"href":"https:\/\/blogdoedvaldomagalhaes.com.br\/index.php\/wp-json\/wp\/v2\/tags?post=88726"}],"curies":[{"name":"wp","href":"https:\/\/api.w.org\/{rel}","templated":true}]}}