{"id":887,"date":"2018-10-26T21:38:00","date_gmt":"2018-10-26T23:38:00","guid":{"rendered":"http:\/\/blogdoedvaldomagalhaes.com.br\/index.php\/2018\/10\/26\/identificado-homem-que-morreu\/"},"modified":"2019-02-09T02:37:06","modified_gmt":"2019-02-09T04:37:06","slug":"identificado-homem-que-morreu","status":"publish","type":"post","link":"https:\/\/blogdoedvaldomagalhaes.com.br\/index.php\/2018\/10\/26\/identificado-homem-que-morreu\/","title":{"rendered":"Identificado homem que morreu atropelado na BR-232 em Caruaru nesta sexta (26)"},"content":{"rendered":"<div class=\"separator\" style=\"clear: both; text-align: center;\">\n<\/div>\n<div class=\"separator\" style=\"clear: both; text-align: center;\">\n<a href=\"https:\/\/2.bp.blogspot.com\/-FDkYquOlh0U\/W9OIuaiLMqI\/AAAAAAAA8dI\/a-GphunqKTEkDTuRiXVFH-WzdaeIXlBsACEwYBhgL\/s1600\/IMG-20181026-WA0263.jpg\" imageanchor=\"1\" style=\"margin-left: 1em; margin-right: 1em;\"><img loading=\"lazy\" decoding=\"async\" border=\"0\" data-original-height=\"1280\" data-original-width=\"720\" height=\"640\" src=\"http:\/\/blogdoedvaldomagalhaes.com.br\/wp-content\/uploads\/2018\/10\/IMG-20181026-WA0263.jpg\" width=\"360\" \/><\/a><\/div>\n<p><\/p>\n<div class=\"separator\" style=\"clear: both; text-align: center;\">\n<a href=\"https:\/\/3.bp.blogspot.com\/-cVRu5FOnh6g\/W9OI3sCln6I\/AAAAAAAA8dM\/0YkiVN_s8MkeXZSBQEC73fbYaj1h2Z2FQCLcBGAs\/s1600\/IMG-20181026-WA0262.jpg\" imageanchor=\"1\" style=\"margin-left: 1em; margin-right: 1em;\"><img loading=\"lazy\" decoding=\"async\" border=\"0\" data-original-height=\"720\" data-original-width=\"720\" height=\"640\" src=\"http:\/\/blogdoedvaldomagalhaes.com.br\/wp-content\/uploads\/2018\/10\/IMG-20181026-WA0262.jpg\" width=\"640\" \/><\/a><\/div>\n<p><\/p>\n<div class=\"separator\" style=\"clear: both; text-align: center;\">\n<a href=\"https:\/\/2.bp.blogspot.com\/-AItMP7c0OTc\/W9OI5iu4hvI\/AAAAAAAA8dQ\/KQ82XkWqS98gEBmEHsgEt0C8REU61CqrACLcBGAs\/s1600\/IMG-20181026-WA0260.jpg\" imageanchor=\"1\" style=\"margin-left: 1em; margin-right: 1em;\"><img loading=\"lazy\" decoding=\"async\" border=\"0\" data-original-height=\"720\" data-original-width=\"720\" height=\"640\" src=\"http:\/\/blogdoedvaldomagalhaes.com.br\/wp-content\/uploads\/2018\/10\/IMG-20181026-WA0260.jpg\" width=\"640\" \/><\/a><\/div>\n<div class=\"separator\" style=\"clear: both; text-align: center;\">\n<\/div>\n<div class=\"separator\" style=\"clear: both; text-align: justify;\">\nO maqueiro Edson Ara\u00fajo, conhecido por \u00cdndio, de 46 anos, morreu atropelado por um ve\u00edculo Mercedes de cor preta e placas PEI-2020-Caruaru, na manh\u00e3 desta sexta-feira (26), na BR-232, quando estava indo para sua resid\u00eancia no bairro Agamenon Magalh\u00e3es, em uma bicicleta. A esposa da v\u00edtima passou mal quando soube do tr\u00e1gico acidente e foi hospitalizada.&nbsp;Vel\u00f3rio e sepultamento ser\u00e3o na cidade de Arcoverde, no Sert\u00e3o de Pernambuco.<\/div>\n<div class=\"separator\" style=\"clear: both; text-align: justify;\">\n<\/div>\n<div class=\"separator\" style=\"clear: both; text-align: justify;\">\nFotos do acidente:&nbsp;<\/div>\n<div class=\"separator\" style=\"clear: both; text-align: justify;\">\n<\/div>\n<div class=\"separator\" style=\"clear: both; text-align: center;\">\n<a href=\"https:\/\/1.bp.blogspot.com\/-ckctztZEQXE\/W9OMwVLwdkI\/AAAAAAAA8dg\/6TXQOnMFdMcYhi6XbXrkz9csxqJUoXVTACLcBGAs\/s1600\/IMG-20181026-WA0020.jpg\" imageanchor=\"1\" style=\"margin-left: 1em; margin-right: 1em;\"><img loading=\"lazy\" decoding=\"async\" border=\"0\" data-original-height=\"1280\" data-original-width=\"720\" height=\"640\" src=\"http:\/\/blogdoedvaldomagalhaes.com.br\/wp-content\/uploads\/2018\/10\/IMG-20181026-WA0020.jpg\" width=\"360\" \/><\/a><\/div>\n<div class=\"separator\" style=\"clear: both; text-align: center;\">\n<\/div>\n<div class=\"separator\" style=\"clear: both; text-align: center;\">\n<a href=\"https:\/\/1.bp.blogspot.com\/-DoFiLIQTfCo\/W9OPUTJNGwI\/AAAAAAAA8ec\/2OI2eOHvTdMH8xy7oHjfrlAHjooO-X25ACLcBGAs\/s1600\/IMG-20181026-WA0039.jpg\" imageanchor=\"1\" style=\"margin-left: 1em; margin-right: 1em;\"><img loading=\"lazy\" decoding=\"async\" border=\"0\" data-original-height=\"652\" data-original-width=\"1158\" height=\"360\" src=\"http:\/\/blogdoedvaldomagalhaes.com.br\/wp-content\/uploads\/2018\/10\/IMG-20181026-WA0039.jpg\" width=\"640\" \/><\/a><\/div>\n<div class=\"separator\" style=\"clear: both; text-align: center;\">\n<\/div>\n<div class=\"separator\" style=\"clear: both; text-align: center;\">\n<a href=\"https:\/\/1.bp.blogspot.com\/-7pyokSU-orw\/W9ONARQt0GI\/AAAAAAAA8ds\/xo-JxrTxjMsndNyuUBrqcEqm5ge-FPrUgCLcBGAs\/s1600\/IMG_20181026_090439153_HDR.jpg\" imageanchor=\"1\" style=\"margin-left: 1em; margin-right: 1em;\"><img loading=\"lazy\" decoding=\"async\" border=\"0\" data-original-height=\"1200\" data-original-width=\"1600\" height=\"480\" src=\"http:\/\/blogdoedvaldomagalhaes.com.br\/wp-content\/uploads\/2018\/10\/IMG_20181026_090439153_HDR.jpg\" width=\"640\" \/><\/a><\/div>\n<p><\/p>\n<div class=\"separator\" style=\"clear: both; text-align: center;\">\n<a href=\"https:\/\/3.bp.blogspot.com\/-FvF7_g3Vifk\/W9ONL0E6_5I\/AAAAAAAA8dw\/K7PB5HjHf8UUJne0DzpSaNIleOtx0d0CACLcBGAs\/s1600\/IMG_20181026_090446775_HDR.jpg\" imageanchor=\"1\" style=\"margin-left: 1em; margin-right: 1em;\"><img loading=\"lazy\" decoding=\"async\" border=\"0\" data-original-height=\"1200\" data-original-width=\"1600\" height=\"480\" src=\"http:\/\/blogdoedvaldomagalhaes.com.br\/wp-content\/uploads\/2018\/10\/IMG_20181026_090446775_HDR.jpg\" width=\"640\" \/><\/a><\/div>\n<p><\/p>\n<div class=\"separator\" style=\"clear: both; text-align: center;\">\n<a href=\"https:\/\/1.bp.blogspot.com\/-tQiCsAWVCIk\/W9ONQ727uTI\/AAAAAAAA8d4\/2Wc5kxOY2U4uZ51oAQXc35cR50FCLTo3gCLcBGAs\/s1600\/IMG-20181026-WA0029.jpg\" imageanchor=\"1\" style=\"margin-left: 1em; margin-right: 1em;\"><img loading=\"lazy\" decoding=\"async\" border=\"0\" data-original-height=\"652\" data-original-width=\"1158\" height=\"360\" src=\"http:\/\/blogdoedvaldomagalhaes.com.br\/wp-content\/uploads\/2018\/10\/IMG-20181026-WA0029.jpg\" width=\"640\" \/><\/a><\/div>\n<p><\/p>\n<div class=\"separator\" style=\"clear: both; text-align: center;\">\n<a href=\"https:\/\/1.bp.blogspot.com\/-aLN81bzsD54\/W9ONT1JSJQI\/AAAAAAAA8d8\/LqHerFWQB8wiT28zLBAriQR7JDLADaZMQCLcBGAs\/s1600\/IMG-20181026-WA0030.jpg\" imageanchor=\"1\" style=\"margin-left: 1em; margin-right: 1em;\"><img loading=\"lazy\" decoding=\"async\" border=\"0\" data-original-height=\"652\" data-original-width=\"1158\" height=\"360\" src=\"http:\/\/blogdoedvaldomagalhaes.com.br\/wp-content\/uploads\/2018\/10\/IMG-20181026-WA0030.jpg\" width=\"640\" \/><\/a><\/div>\n<p><\/p>\n<div class=\"separator\" style=\"clear: both; text-align: center;\">\n<a href=\"https:\/\/3.bp.blogspot.com\/-1UrE3XUSXD4\/W9ONgDiJ6OI\/AAAAAAAA8eI\/35Et54uSGRY4YnHkOv3gpERCU3QRxHxgACLcBGAs\/s1600\/IMG-20181026-WA0032.jpg\" imageanchor=\"1\" style=\"margin-left: 1em; margin-right: 1em;\"><img loading=\"lazy\" decoding=\"async\" border=\"0\" data-original-height=\"652\" data-original-width=\"1158\" height=\"360\" src=\"http:\/\/blogdoedvaldomagalhaes.com.br\/wp-content\/uploads\/2018\/10\/IMG-20181026-WA0032.jpg\" width=\"640\" \/><\/a><\/div>\n<div class=\"separator\" style=\"clear: both; text-align: center;\">\nFotos: Iza\u00edas Rodrigues\/R\u00e1dio Liberdade<\/div>\n<div class=\"separator\" style=\"clear: both; text-align: center;\">\n<\/div>\n","protected":false},"excerpt":{"rendered":"<p>O maqueiro Edson Ara\u00fajo, conhecido por \u00cdndio, de 46 anos, morreu atropelado por um ve\u00edculo Mercedes de cor preta e&hellip;<\/p>\n","protected":false},"author":1,"featured_media":0,"comment_status":"open","ping_status":"open","sticky":false,"template":"","format":"standard","meta":{"footnotes":""},"categories":[1],"tags":[2,836,6],"class_list":["post-887","post","type-post","status-publish","format-standard","hentry","category-sem-categoria","tag-blog-do-edvaldo-magalhaes","tag-identificado-homem-que-morreu-atropelado-na-br-232-em-caruaru-nesta-sexta-26","tag-noticias"],"_links":{"self":[{"href":"https:\/\/blogdoedvaldomagalhaes.com.br\/index.php\/wp-json\/wp\/v2\/posts\/887","targetHints":{"allow":["GET"]}}],"collection":[{"href":"https:\/\/blogdoedvaldomagalhaes.com.br\/index.php\/wp-json\/wp\/v2\/posts"}],"about":[{"href":"https:\/\/blogdoedvaldomagalhaes.com.br\/index.php\/wp-json\/wp\/v2\/types\/post"}],"author":[{"embeddable":true,"href":"https:\/\/blogdoedvaldomagalhaes.com.br\/index.php\/wp-json\/wp\/v2\/users\/1"}],"replies":[{"embeddable":true,"href":"https:\/\/blogdoedvaldomagalhaes.com.br\/index.php\/wp-json\/wp\/v2\/comments?post=887"}],"version-history":[{"count":1,"href":"https:\/\/blogdoedvaldomagalhaes.com.br\/index.php\/wp-json\/wp\/v2\/posts\/887\/revisions"}],"predecessor-version":[{"id":35299,"href":"https:\/\/blogdoedvaldomagalhaes.com.br\/index.php\/wp-json\/wp\/v2\/posts\/887\/revisions\/35299"}],"wp:attachment":[{"href":"https:\/\/blogdoedvaldomagalhaes.com.br\/index.php\/wp-json\/wp\/v2\/media?parent=887"}],"wp:term":[{"taxonomy":"category","embeddable":true,"href":"https:\/\/blogdoedvaldomagalhaes.com.br\/index.php\/wp-json\/wp\/v2\/categories?post=887"},{"taxonomy":"post_tag","embeddable":true,"href":"https:\/\/blogdoedvaldomagalhaes.com.br\/index.php\/wp-json\/wp\/v2\/tags?post=887"}],"curies":[{"name":"wp","href":"https:\/\/api.w.org\/{rel}","templated":true}]}}