{"id":88692,"date":"2022-10-08T09:38:42","date_gmt":"2022-10-08T12:38:42","guid":{"rendered":"https:\/\/blogdoedvaldomagalhaes.com.br\/?p=88692"},"modified":"2022-10-08T09:38:43","modified_gmt":"2022-10-08T12:38:43","slug":"guarda-municipal-recupera-moto-furtada-no-bairro-santa-rosa","status":"publish","type":"post","link":"https:\/\/blogdoedvaldomagalhaes.com.br\/index.php\/2022\/10\/08\/guarda-municipal-recupera-moto-furtada-no-bairro-santa-rosa\/","title":{"rendered":"Guarda Municipal recupera moto furtada no bairro Santa Rosa"},"content":{"rendered":"<p style=\"text-align: justify;\"><span style=\"font-size: revert; color: initial;\">No come\u00e7o da noite dessa sexta-feira (07), a equipe da Patrulha Maria da Penha da Guarda Municipal de Caruaru (GM) estava realizando rondas no bairro Santa Rosa, quando recebeu a informa\u00e7\u00e3o de um funcion\u00e1rio de seguradora de ve\u00edculos, que uma moto havia sido furtada e estava com a localiza\u00e7\u00e3o por meio do GPS.<\/span><\/p>\n<p style=\"text-align: justify;\">A GM prontamente atendeu a ocorr\u00eancia seguindo para o bairro Indian\u00f3polis, pr\u00f3ximo a sa\u00edda do Caruaru Shopping. O efetivo encontrou a moto e conduziu o ve\u00edculo e um suspeito at\u00e9 a Delegacia Regional, posteriormente o propriet\u00e1rio foi comunicado e teve seu patrim\u00f4nio recuperado.<\/p>\n\n\n<figure class=\"wp-block-image size-large is-resized\"><img loading=\"lazy\" decoding=\"async\" src=\"https:\/\/blogdoedvaldomagalhaes.com.br\/wp-content\/uploads\/2022\/10\/IMG-20221008-WA0013-1024x769.jpg\" alt=\"\" class=\"wp-image-88694\" width=\"344\" height=\"258\" srcset=\"https:\/\/blogdoedvaldomagalhaes.com.br\/wp-content\/uploads\/2022\/10\/IMG-20221008-WA0013-1024x769.jpg 1024w, https:\/\/blogdoedvaldomagalhaes.com.br\/wp-content\/uploads\/2022\/10\/IMG-20221008-WA0013-300x225.jpg 300w, https:\/\/blogdoedvaldomagalhaes.com.br\/wp-content\/uploads\/2022\/10\/IMG-20221008-WA0013-768x577.jpg 768w, https:\/\/blogdoedvaldomagalhaes.com.br\/wp-content\/uploads\/2022\/10\/IMG-20221008-WA0013-160x120.jpg 160w, https:\/\/blogdoedvaldomagalhaes.com.br\/wp-content\/uploads\/2022\/10\/IMG-20221008-WA0013.jpg 1156w\" sizes=\"auto, (max-width: 344px) 100vw, 344px\" \/><figcaption>Fotos: Divulga\u00e7\u00e3o <\/figcaption><\/figure>\n","protected":false},"excerpt":{"rendered":"<p>No come\u00e7o da noite dessa sexta-feira (07), a equipe da Patrulha Maria da Penha da Guarda Municipal de Caruaru (GM)&hellip;<\/p>\n","protected":false},"author":1,"featured_media":88693,"comment_status":"closed","ping_status":"open","sticky":false,"template":"","format":"standard","meta":{"footnotes":""},"categories":[14120],"tags":[2,19532,3406,25781],"class_list":["post-88692","post","type-post","status-publish","format-standard","has-post-thumbnail","hentry","category-noticias","tag-blog-do-edvaldo-magalhaes","tag-blog-mais-acessado-e-visualizado-de-caruaru-e-regiao","tag-caruaru","tag-guarda-municipal-recupera-moto-furtada-no-bairro-santa-rosa"],"_links":{"self":[{"href":"https:\/\/blogdoedvaldomagalhaes.com.br\/index.php\/wp-json\/wp\/v2\/posts\/88692","targetHints":{"allow":["GET"]}}],"collection":[{"href":"https:\/\/blogdoedvaldomagalhaes.com.br\/index.php\/wp-json\/wp\/v2\/posts"}],"about":[{"href":"https:\/\/blogdoedvaldomagalhaes.com.br\/index.php\/wp-json\/wp\/v2\/types\/post"}],"author":[{"embeddable":true,"href":"https:\/\/blogdoedvaldomagalhaes.com.br\/index.php\/wp-json\/wp\/v2\/users\/1"}],"replies":[{"embeddable":true,"href":"https:\/\/blogdoedvaldomagalhaes.com.br\/index.php\/wp-json\/wp\/v2\/comments?post=88692"}],"version-history":[{"count":1,"href":"https:\/\/blogdoedvaldomagalhaes.com.br\/index.php\/wp-json\/wp\/v2\/posts\/88692\/revisions"}],"predecessor-version":[{"id":88695,"href":"https:\/\/blogdoedvaldomagalhaes.com.br\/index.php\/wp-json\/wp\/v2\/posts\/88692\/revisions\/88695"}],"wp:featuredmedia":[{"embeddable":true,"href":"https:\/\/blogdoedvaldomagalhaes.com.br\/index.php\/wp-json\/wp\/v2\/media\/88693"}],"wp:attachment":[{"href":"https:\/\/blogdoedvaldomagalhaes.com.br\/index.php\/wp-json\/wp\/v2\/media?parent=88692"}],"wp:term":[{"taxonomy":"category","embeddable":true,"href":"https:\/\/blogdoedvaldomagalhaes.com.br\/index.php\/wp-json\/wp\/v2\/categories?post=88692"},{"taxonomy":"post_tag","embeddable":true,"href":"https:\/\/blogdoedvaldomagalhaes.com.br\/index.php\/wp-json\/wp\/v2\/tags?post=88692"}],"curies":[{"name":"wp","href":"https:\/\/api.w.org\/{rel}","templated":true}]}}