{"id":88689,"date":"2022-10-07T19:00:09","date_gmt":"2022-10-07T22:00:09","guid":{"rendered":"https:\/\/blogdoedvaldomagalhaes.com.br\/?p=88689"},"modified":"2022-10-07T19:00:11","modified_gmt":"2022-10-07T22:00:11","slug":"prefeito-de-caruaru-rodrigo-pinheiro-sanciona-lei-do-fundo-municipal-de-cultura","status":"publish","type":"post","link":"https:\/\/blogdoedvaldomagalhaes.com.br\/index.php\/2022\/10\/07\/prefeito-de-caruaru-rodrigo-pinheiro-sanciona-lei-do-fundo-municipal-de-cultura\/","title":{"rendered":"Prefeito de Caruaru Rodrigo Pinheiro sanciona Lei do Fundo Municipal de Cultura"},"content":{"rendered":"<p style=\"text-align: justify;\"><span style=\"color: initial; font-size: revert;\">Foi sancionada, nesta sexta-feira (7), pelo prefeito Rodrigo Pinheiro, a Lei de n\u00b0 096\/2022, que cria o Fundo Municipal de Cultura de Caruaru, aprovada por unanimidade, na sess\u00e3o ordin\u00e1ria de quinta-feira (6), na C\u00e2mara Municipal.<\/span><\/p>\n<p style=\"text-align: justify;\">O Fundo Municipal de Cultura tem como finalidade prestar apoio financeiro a projetos que visam fomentar e estimular a atividade art\u00edstica cultural do munic\u00edpio.<\/p>\n<p style=\"text-align: justify;\">Os recursos do FMC ser\u00e3o destinados a projetos de natureza cultural que se enquadrem em pelo menos um dos requisitos estabelecidos na lei, como: artes visuais; audiovisual; design e moda; artesanato; m\u00fasica; dan\u00e7a; artes c\u00eanicas; cultura popular; arquitetura, urbanismo e patrim\u00f4nio cultural; povos tradicionais; agentes culturais, trabalhadores da cultura e produtores culturais; institui\u00e7\u00f5es culturais n\u00e3o-governamentais; fotografia; livro, leitura e literatura e gastronomia.<\/p>\n<p style=\"text-align: justify;\">&#8220;Um grande momento para nossa cidade e, principalmente para nossos artistas, nossa cultura popular e todas aqueles que, de alguma forma fazem parte dela. Foi mais um avan\u00e7o neste \u00e2mbito da cultura que, partindo desse princ\u00edpio, trar\u00e1 ainda mais benef\u00edcios culturais para nossa cidade&#8221;, afirmou o prefeito de Caruaru, Rodrigo Pinheiro.<\/p>\n<p style=\"text-align: justify;\">De acordo com o presidente da Funda\u00e7\u00e3o de Cultura, Rafael Martiniano, a san\u00e7\u00e3o dessa lei \u00e9 uma grande conquista para a classe. &#8220;Um grande vit\u00f3ria nesta data de hoje, dia que ficar\u00e1 marcado na trajet\u00f3ria cultural de nossa cidade, uma luta da classe, e que hoje p\u00f4de ser destravada pelos poderes Executivo e Legislativo. Um grande passo para Caruaru!&#8221;, frisou o presidente.<\/p>\n<p style=\"text-align: justify;\">Como defensor ativo da cultura popular caruaruense, o vice presidente da Funda\u00e7\u00e3o de Cultura, H\u00e9rlon Cavalcanti, tamb\u00e9m pontuou a import\u00e2ncia desta san\u00e7\u00e3o. &#8220;Sem d\u00favidas um sonho realizado para todos n\u00f3s que fazemos a cadeira produtiva da cultura. S\u00f3 temos a comemorar, isto \u00e9 apenas o come\u00e7o de muitos projetos bacanas que Caruaru ir\u00e1 ganhar&#8221; pontuou H\u00e9rlon.<\/p>\n","protected":false},"excerpt":{"rendered":"<p>Foi sancionada, nesta sexta-feira (7), pelo prefeito Rodrigo Pinheiro, a Lei de n\u00b0 096\/2022, que cria o Fundo Municipal de&hellip;<\/p>\n","protected":false},"author":1,"featured_media":88690,"comment_status":"closed","ping_status":"open","sticky":false,"template":"","format":"standard","meta":{"footnotes":""},"categories":[14122],"tags":[2,19532,3406,20,25780],"class_list":["post-88689","post","type-post","status-publish","format-standard","has-post-thumbnail","hentry","category-politica","tag-blog-do-edvaldo-magalhaes","tag-blog-mais-acessado-e-visualizado-de-caruaru-e-regiao","tag-caruaru","tag-politica","tag-prefeito-de-caruaru-rodrigo-pinheiro-sanciona-lei-do-fundo-municipal-de-cultura"],"_links":{"self":[{"href":"https:\/\/blogdoedvaldomagalhaes.com.br\/index.php\/wp-json\/wp\/v2\/posts\/88689","targetHints":{"allow":["GET"]}}],"collection":[{"href":"https:\/\/blogdoedvaldomagalhaes.com.br\/index.php\/wp-json\/wp\/v2\/posts"}],"about":[{"href":"https:\/\/blogdoedvaldomagalhaes.com.br\/index.php\/wp-json\/wp\/v2\/types\/post"}],"author":[{"embeddable":true,"href":"https:\/\/blogdoedvaldomagalhaes.com.br\/index.php\/wp-json\/wp\/v2\/users\/1"}],"replies":[{"embeddable":true,"href":"https:\/\/blogdoedvaldomagalhaes.com.br\/index.php\/wp-json\/wp\/v2\/comments?post=88689"}],"version-history":[{"count":1,"href":"https:\/\/blogdoedvaldomagalhaes.com.br\/index.php\/wp-json\/wp\/v2\/posts\/88689\/revisions"}],"predecessor-version":[{"id":88691,"href":"https:\/\/blogdoedvaldomagalhaes.com.br\/index.php\/wp-json\/wp\/v2\/posts\/88689\/revisions\/88691"}],"wp:featuredmedia":[{"embeddable":true,"href":"https:\/\/blogdoedvaldomagalhaes.com.br\/index.php\/wp-json\/wp\/v2\/media\/88690"}],"wp:attachment":[{"href":"https:\/\/blogdoedvaldomagalhaes.com.br\/index.php\/wp-json\/wp\/v2\/media?parent=88689"}],"wp:term":[{"taxonomy":"category","embeddable":true,"href":"https:\/\/blogdoedvaldomagalhaes.com.br\/index.php\/wp-json\/wp\/v2\/categories?post=88689"},{"taxonomy":"post_tag","embeddable":true,"href":"https:\/\/blogdoedvaldomagalhaes.com.br\/index.php\/wp-json\/wp\/v2\/tags?post=88689"}],"curies":[{"name":"wp","href":"https:\/\/api.w.org\/{rel}","templated":true}]}}